
{"id":10537,"date":"2010-04-16T05:21:06","date_gmt":"2010-04-16T04:21:06","guid":{"rendered":"http:\/\/adamczewscy.pl\/?p=2823"},"modified":"2010-04-16T05:21:06","modified_gmt":"2010-04-16T04:21:06","slug":"filet-kurczecy-w-serowym-ciescie","status":"publish","type":"post","link":"https:\/\/blog.polityka.pl\/adamczewski\/2010\/04\/16\/filet-kurczecy-w-serowym-ciescie\/","title":{"rendered":"Filet kurcz\u0119cy w serowym cie\u015bcie"},"content":{"rendered":"<p><em>Du\u017cy podw\u00f3jny filet z kurczaka, 3 jaja, 2 \u0142y\u017cki m\u0105ki ziemniaczanej, kopiasta \u0142y\u017cka maki pszennej, \u0142y\u017cka majonezu light, szklanka startego \u017c\u00f3\u0142tego sera, na przyk\u0142ad ementalera, s\u00f3l, pieprz, odrobina Vegety, 5 \u0142y\u017cek oliwy z oliwek lub oleju do sma\u017cenia<\/em><\/p>\n<p>1. Mi\u0119so umy\u0107, osuszy\u0107, podzieli\u0107 na 4 kotlety.<br \/>\n2. Wymiesza\u0107 w miseczce jajka, m\u0105k\u0119 ziemniaczan\u0105 i pszenn\u0105, starty ser, s\u00f3l, pieprz i Veget\u0119, doda\u0107 majonez. Konsystencja ciasta powinna by\u0107 nieco bardziej g\u0119sta ni\u017c ciasta na nale\u015bniki.<br \/>\n3. Do miseczki w\u0142o\u017cy\u0107 wszystkie kawa\u0142ki mi\u0119sa i dok\u0142adnie rozprowadzi\u0107 na nich ciasto, pozostawi\u0107 na 30 minut.<br \/>\n4. Rozgrza\u0107 oliw\u0119 lub olej i usma\u017cy\u0107 na nim kotlety z obu stron na rumiano. <\/p>\n","protected":false},"excerpt":{"rendered":"<p>Du\u017cy podw\u00f3jny filet z kurczaka, 3 jaja, 2 \u0142y\u017cki m\u0105ki ziemniaczanej, kopiasta \u0142y\u017cka maki pszennej, \u0142y\u017cka majonezu light, szklanka startego \u017c\u00f3\u0142tego sera, na przyk\u0142ad ementalera, s\u00f3l, pieprz, odrobina Vegety, 5 \u0142y\u017cek oliwy z oliwek lub oleju do sma\u017cenia 1. Mi\u0119so umy\u0107, osuszy\u0107, podzieli\u0107 na 4 kotlety. 2. Wymiesza\u0107 w miseczce jajka, m\u0105k\u0119 ziemniaczan\u0105 i pszenn\u0105, [&hellip;]<\/p>\n","protected":false},"author":2,"featured_media":0,"comment_status":"open","ping_status":"open","sticky":false,"template":"","format":"standard","meta":{"footnotes":""},"categories":[1],"tags":[],"_links":{"self":[{"href":"https:\/\/blog.polityka.pl\/adamczewski\/wp-json\/wp\/v2\/posts\/10537"}],"collection":[{"href":"https:\/\/blog.polityka.pl\/adamczewski\/wp-json\/wp\/v2\/posts"}],"about":[{"href":"https:\/\/blog.polityka.pl\/adamczewski\/wp-json\/wp\/v2\/types\/post"}],"author":[{"embeddable":true,"href":"https:\/\/blog.polityka.pl\/adamczewski\/wp-json\/wp\/v2\/users\/2"}],"replies":[{"embeddable":true,"href":"https:\/\/blog.polityka.pl\/adamczewski\/wp-json\/wp\/v2\/comments?post=10537"}],"version-history":[{"count":0,"href":"https:\/\/blog.polityka.pl\/adamczewski\/wp-json\/wp\/v2\/posts\/10537\/revisions"}],"wp:attachment":[{"href":"https:\/\/blog.polityka.pl\/adamczewski\/wp-json\/wp\/v2\/media?parent=10537"}],"wp:term":[{"taxonomy":"category","embeddable":true,"href":"https:\/\/blog.polityka.pl\/adamczewski\/wp-json\/wp\/v2\/categories?post=10537"},{"taxonomy":"post_tag","embeddable":true,"href":"https:\/\/blog.polityka.pl\/adamczewski\/wp-json\/wp\/v2\/tags?post=10537"}],"curies":[{"name":"wp","href":"https:\/\/api.w.org\/{rel}","templated":true}]}}