
{"id":10538,"date":"2010-04-23T08:20:46","date_gmt":"2010-04-23T07:20:46","guid":{"rendered":"http:\/\/adamczewscy.pl\/?p=2825"},"modified":"2010-04-23T08:20:46","modified_gmt":"2010-04-23T07:20:46","slug":"biala-kielbasa-pod-kolderka-2","status":"publish","type":"post","link":"https:\/\/blog.polityka.pl\/adamczewski\/2010\/04\/23\/biala-kielbasa-pod-kolderka-2\/","title":{"rendered":"Bia\u0142a kie\u0142basa pod ko\u0142derk\u0105"},"content":{"rendered":"<p><em>1 kg bia\u0142ej surowej kie\u0142basy, ok. p\u00f3\u0142 kg cebuli, ca\u0142a g\u0142\u00f3wka czosnku, p\u00f3\u0142torej szklanki startego ostrego sera,  po sporej szczypcie otartego majeranku i tymianku<\/em><\/p>\n<p>1. Kie\u0142bas\u0119 w\u0142o\u017cy\u0107 do garnka z wrz\u0105tkiem i 10 minut parzy\u0107 nie dopuszczaj\u0105c do wrzenia.<br \/>\n2. Po wyj\u0119ciu z wody i ostudzeniu pokroi\u0107 kie\u0142bas\u0119 w grubsze plasterki (co najmniej centymetrowe),<br \/>\n3. Cebul\u0119 pokroi\u0107 w plastry, czosnek obra\u0107 z \u0142upinek i pozostawi\u0107 z\u0105bki w ca\u0142o\u015bci.<br \/>\n4. W \u017caroodpornym naczyniu u\u0142o\u017cy\u0107 kawa\u0142ki kie\u0142basy, pomi\u0119dzy nimi z\u0105bki czosnku, na kie\u0142basie u\u0142o\u017cy\u0107 plastry cebuli, zn\u00f3w plastry kie\u0142basy i ostatni\u0105 warstw\u0105 powinny by\u0107 plasterki cebuli.<br \/>\n5. Ca\u0142\u0105 potraw\u0119 suto posypa\u0107 startym serem i wymieszanymi zio\u0142ami: majerankiem i tymiankiem.<br \/>\n6. Wstawi\u0107 do nagrzanego do temperatury 180 st C piekarnika i zapieka\u0107 oko\u0142o 25 minut. <\/p>\n","protected":false},"excerpt":{"rendered":"<p>1 kg bia\u0142ej surowej kie\u0142basy, ok. p\u00f3\u0142 kg cebuli, ca\u0142a g\u0142\u00f3wka czosnku, p\u00f3\u0142torej szklanki startego ostrego sera, po sporej szczypcie otartego majeranku i tymianku 1. Kie\u0142bas\u0119 w\u0142o\u017cy\u0107 do garnka z wrz\u0105tkiem i 10 minut parzy\u0107 nie dopuszczaj\u0105c do wrzenia. 2. Po wyj\u0119ciu z wody i ostudzeniu pokroi\u0107 kie\u0142bas\u0119 w grubsze plasterki (co najmniej centymetrowe), 3. [&hellip;]<\/p>\n","protected":false},"author":2,"featured_media":0,"comment_status":"open","ping_status":"open","sticky":false,"template":"","format":"standard","meta":{"footnotes":""},"categories":[1],"tags":[],"_links":{"self":[{"href":"https:\/\/blog.polityka.pl\/adamczewski\/wp-json\/wp\/v2\/posts\/10538"}],"collection":[{"href":"https:\/\/blog.polityka.pl\/adamczewski\/wp-json\/wp\/v2\/posts"}],"about":[{"href":"https:\/\/blog.polityka.pl\/adamczewski\/wp-json\/wp\/v2\/types\/post"}],"author":[{"embeddable":true,"href":"https:\/\/blog.polityka.pl\/adamczewski\/wp-json\/wp\/v2\/users\/2"}],"replies":[{"embeddable":true,"href":"https:\/\/blog.polityka.pl\/adamczewski\/wp-json\/wp\/v2\/comments?post=10538"}],"version-history":[{"count":0,"href":"https:\/\/blog.polityka.pl\/adamczewski\/wp-json\/wp\/v2\/posts\/10538\/revisions"}],"wp:attachment":[{"href":"https:\/\/blog.polityka.pl\/adamczewski\/wp-json\/wp\/v2\/media?parent=10538"}],"wp:term":[{"taxonomy":"category","embeddable":true,"href":"https:\/\/blog.polityka.pl\/adamczewski\/wp-json\/wp\/v2\/categories?post=10538"},{"taxonomy":"post_tag","embeddable":true,"href":"https:\/\/blog.polityka.pl\/adamczewski\/wp-json\/wp\/v2\/tags?post=10538"}],"curies":[{"name":"wp","href":"https:\/\/api.w.org\/{rel}","templated":true}]}}