
{"id":10541,"date":"2010-04-23T08:24:06","date_gmt":"2010-04-23T07:24:06","guid":{"rendered":"http:\/\/adamczewscy.pl\/?p=2828"},"modified":"2010-04-23T08:24:06","modified_gmt":"2010-04-23T07:24:06","slug":"sernik-miodowy-po-grecku-2","status":"publish","type":"post","link":"https:\/\/blog.polityka.pl\/adamczewski\/2010\/04\/23\/sernik-miodowy-po-grecku-2\/","title":{"rendered":"Sernik miodowy po grecku"},"content":{"rendered":"<p><em>Na ciasto: p\u00f3\u0142torej szklanki m\u0105ki, 15 dag mas\u0142a,<br \/>\nNa nadzienie: 25 dag t\u0142ustego bia\u0142ego sera, 4 jaja, 6 \u0142y\u017cek miodu, p\u00f3\u0142 szklanki rodzynek, na czubek \u0142y\u017ceczki mielonego cynamonu, 2 \u0142y\u017cki cukru pudru.<br \/>\nDo wysmarowania formy: \u0142y\u017cka oliwy lub oleju<\/em><\/p>\n<p>1. Przygotowa\u0107 ciasto: przesieka\u0107 mas\u0142o z m\u0105k\u0105, doda\u0107 2 \u0142y\u017cki wody i szybko zagnie\u015b\u0107 ciasto.<br \/>\n2. Posmarowa\u0107 olejem tortownic\u0119 i wy\u0142o\u017cy\u0107 rozwa\u0142kowanym ciastem.<br \/>\n3. Ser zemle\u0107 w maszynce z sitkiem o ma\u0142ych oczkach.<br \/>\n4. \u017b\u00f3\u0142tka utrze\u0107 z miodem, po czym ucieraj\u0105c dalej po\u0142\u0105czy\u0107 z mielonym serem.<br \/>\n5. Ubi\u0107 sztywna piane z och\u0142odzonych bia\u0142ek i doda\u0107 do masy \u017c\u00f3\u0142tkowo &#8211; serowej, doda\u0107 rodzynki, cynamon i wymiesza\u0107.<br \/>\n6. Wy\u0142o\u017cy\u0107 mas\u0119 serow\u0105 na ciasto, wyr\u00f3wna\u0107 wierzch i piec 35 minut w temperaturze 200 st C. Po upieczeniu posypa\u0107 sernik cukrem pudrem. <\/p>\n","protected":false},"excerpt":{"rendered":"<p>Na ciasto: p\u00f3\u0142torej szklanki m\u0105ki, 15 dag mas\u0142a, Na nadzienie: 25 dag t\u0142ustego bia\u0142ego sera, 4 jaja, 6 \u0142y\u017cek miodu, p\u00f3\u0142 szklanki rodzynek, na czubek \u0142y\u017ceczki mielonego cynamonu, 2 \u0142y\u017cki cukru pudru. Do wysmarowania formy: \u0142y\u017cka oliwy lub oleju 1. Przygotowa\u0107 ciasto: przesieka\u0107 mas\u0142o z m\u0105k\u0105, doda\u0107 2 \u0142y\u017cki wody i szybko zagnie\u015b\u0107 ciasto. 2. [&hellip;]<\/p>\n","protected":false},"author":2,"featured_media":0,"comment_status":"open","ping_status":"open","sticky":false,"template":"","format":"standard","meta":{"footnotes":""},"categories":[1],"tags":[],"_links":{"self":[{"href":"https:\/\/blog.polityka.pl\/adamczewski\/wp-json\/wp\/v2\/posts\/10541"}],"collection":[{"href":"https:\/\/blog.polityka.pl\/adamczewski\/wp-json\/wp\/v2\/posts"}],"about":[{"href":"https:\/\/blog.polityka.pl\/adamczewski\/wp-json\/wp\/v2\/types\/post"}],"author":[{"embeddable":true,"href":"https:\/\/blog.polityka.pl\/adamczewski\/wp-json\/wp\/v2\/users\/2"}],"replies":[{"embeddable":true,"href":"https:\/\/blog.polityka.pl\/adamczewski\/wp-json\/wp\/v2\/comments?post=10541"}],"version-history":[{"count":0,"href":"https:\/\/blog.polityka.pl\/adamczewski\/wp-json\/wp\/v2\/posts\/10541\/revisions"}],"wp:attachment":[{"href":"https:\/\/blog.polityka.pl\/adamczewski\/wp-json\/wp\/v2\/media?parent=10541"}],"wp:term":[{"taxonomy":"category","embeddable":true,"href":"https:\/\/blog.polityka.pl\/adamczewski\/wp-json\/wp\/v2\/categories?post=10541"},{"taxonomy":"post_tag","embeddable":true,"href":"https:\/\/blog.polityka.pl\/adamczewski\/wp-json\/wp\/v2\/tags?post=10541"}],"curies":[{"name":"wp","href":"https:\/\/api.w.org\/{rel}","templated":true}]}}