
{"id":10545,"date":"2010-04-23T13:07:40","date_gmt":"2010-04-23T12:07:40","guid":{"rendered":"http:\/\/adamczewscy.pl\/?p=2833"},"modified":"2010-04-23T13:07:40","modified_gmt":"2010-04-23T12:07:40","slug":"krem-z-groszku-inaczej","status":"publish","type":"post","link":"https:\/\/blog.polityka.pl\/adamczewski\/2010\/04\/23\/krem-z-groszku-inaczej\/","title":{"rendered":"Krem z groszku inaczej"},"content":{"rendered":"<p><em>Ok.50 dag zielonego groszku(mo\u017ce by\u0107 mro\u017cony),2 szalotki, \u0142y\u017cka mas\u0142a, 4 szklanki bulionu warzywnego z kostki, p\u00f3\u0142 szklanki \u015bmietany, \u0142y\u017cka m\u0105ki, sok z cytryny, s\u00f3l, pieprz i cukier do smaku, gar\u015b\u0107 str\u0105czk\u00f3w groszku cukrowego,4 ga\u0142\u0105zki \u015bwie\u017cej mi\u0119ty.<br \/>\nNa  grzanki : 4 kromki  czerstwego chleba, 2 \u0142y\u017cki oliwy<\/em><\/p>\n<p>1.Posiekana szalotk\u0119 zeszkli\u0107  na ma\u015ble, doda\u0107 groszek  zielony oraz str\u0105czki groszku cukrowego, mi\u0119t\u0119  i bulion. Gotowa\u0107 10minut.<br \/>\n2.Po wyj\u0119ciu ga\u0142\u0105zek mi\u0119ty i str\u0105czk\u00f3w groszku cukrowego pozosta\u0142a zup\u0119  zmiksowa\u0107.<br \/>\n3.\u015amietane wymiesza\u0107 z m\u0105k\u0105, doda\u0107 do zupy ,zagotowa\u0107 i doprawi\u0107 do smaku  sol\u0105, pieprzem i cukrem oraz sokiem z cytryny.<br \/>\n4.Chleb pokroi\u0107  w kostk\u0119 , u\u0142o\u017cy\u0107 na blaszce, skropi\u0107 oliw\u0105 i podpiec 5-6 minut  w piekarniku nagrzanym do 200 st  C.<br \/>\n5.Porozlewa\u0107  zup\u0119  do talerzy, przybra\u0107 str\u0105czkami groszku cukrowego, grzanki poda\u0107 osobno.<\/p>\n","protected":false},"excerpt":{"rendered":"<p>Ok.50 dag zielonego groszku(mo\u017ce by\u0107 mro\u017cony),2 szalotki, \u0142y\u017cka mas\u0142a, 4 szklanki bulionu warzywnego z kostki, p\u00f3\u0142 szklanki \u015bmietany, \u0142y\u017cka m\u0105ki, sok z cytryny, s\u00f3l, pieprz i cukier do smaku, gar\u015b\u0107 str\u0105czk\u00f3w groszku cukrowego,4 ga\u0142\u0105zki \u015bwie\u017cej mi\u0119ty. Na grzanki : 4 kromki czerstwego chleba, 2 \u0142y\u017cki oliwy 1.Posiekana szalotk\u0119 zeszkli\u0107 na ma\u015ble, doda\u0107 groszek zielony oraz [&hellip;]<\/p>\n","protected":false},"author":2,"featured_media":0,"comment_status":"open","ping_status":"open","sticky":false,"template":"","format":"standard","meta":{"footnotes":""},"categories":[1],"tags":[],"_links":{"self":[{"href":"https:\/\/blog.polityka.pl\/adamczewski\/wp-json\/wp\/v2\/posts\/10545"}],"collection":[{"href":"https:\/\/blog.polityka.pl\/adamczewski\/wp-json\/wp\/v2\/posts"}],"about":[{"href":"https:\/\/blog.polityka.pl\/adamczewski\/wp-json\/wp\/v2\/types\/post"}],"author":[{"embeddable":true,"href":"https:\/\/blog.polityka.pl\/adamczewski\/wp-json\/wp\/v2\/users\/2"}],"replies":[{"embeddable":true,"href":"https:\/\/blog.polityka.pl\/adamczewski\/wp-json\/wp\/v2\/comments?post=10545"}],"version-history":[{"count":0,"href":"https:\/\/blog.polityka.pl\/adamczewski\/wp-json\/wp\/v2\/posts\/10545\/revisions"}],"wp:attachment":[{"href":"https:\/\/blog.polityka.pl\/adamczewski\/wp-json\/wp\/v2\/media?parent=10545"}],"wp:term":[{"taxonomy":"category","embeddable":true,"href":"https:\/\/blog.polityka.pl\/adamczewski\/wp-json\/wp\/v2\/categories?post=10545"},{"taxonomy":"post_tag","embeddable":true,"href":"https:\/\/blog.polityka.pl\/adamczewski\/wp-json\/wp\/v2\/tags?post=10545"}],"curies":[{"name":"wp","href":"https:\/\/api.w.org\/{rel}","templated":true}]}}