
{"id":10546,"date":"2010-04-23T13:08:25","date_gmt":"2010-04-23T12:08:25","guid":{"rendered":"http:\/\/adamczewscy.pl\/?p=2834"},"modified":"2010-04-23T13:08:25","modified_gmt":"2010-04-23T12:08:25","slug":"pstrag-pod-kolderka","status":"publish","type":"post","link":"https:\/\/blog.polityka.pl\/adamczewski\/2010\/04\/23\/pstrag-pod-kolderka\/","title":{"rendered":"Pstr\u0105g pod ko\u0142derk\u0105"},"content":{"rendered":"<p><em>4 niedu\u017ce pstr\u0105gi,2 \u0142y\u017cki soku cytrynowego(mo\u017cna  zast\u0105pi\u0107  tak\u017ce szklanka bia\u0142ego wina),15 dag pieczarek,2 \u0142y\u017cki posiekanej zielonej pietruszki,  ? szklanki startego \u017c\u00f3\u0142tego sera, s\u00f3l, pieprz, 2 \u0142y\u017cki mas\u0142a.<\/em><\/p>\n<p>1.Pstr\u0105gi umy\u0107  osuszy\u0107  papierowym kuchennym r\u0119cznikiem, posoli\u0107. Posmarowa\u0107 blaszk\u0119 \u0142y\u017ck\u0105  mas\u0142a i u\u0142o\u017cy\u0107 w niej pstr\u0105gi.<br \/>\n2.Pieczarki pokroi\u0107  w plasterki, posypa\u0107  ryby pieczarkami i siekan\u0105  zielona pietruszk\u0105  , na wierzchu u\u0142o\u017cy\u0107  warstw\u0119 startego sera, pozosta\u0142e mas\u0142o pokroi\u0107  w ma\u0142e kawa\u0142eczki i pouk\u0142ada\u0107 je na rybach.<br \/>\n3.Zapieka\u0107 w piekarniku  w temperaturze 180 st C oko\u0142o p\u00f3\u0142 godziny. Sk\u00f3rka powinna sta\u0107 si\u0119 br\u0105zowa.<\/p>\n","protected":false},"excerpt":{"rendered":"<p>4 niedu\u017ce pstr\u0105gi,2 \u0142y\u017cki soku cytrynowego(mo\u017cna zast\u0105pi\u0107 tak\u017ce szklanka bia\u0142ego wina),15 dag pieczarek,2 \u0142y\u017cki posiekanej zielonej pietruszki, ? szklanki startego \u017c\u00f3\u0142tego sera, s\u00f3l, pieprz, 2 \u0142y\u017cki mas\u0142a. 1.Pstr\u0105gi umy\u0107 osuszy\u0107 papierowym kuchennym r\u0119cznikiem, posoli\u0107. Posmarowa\u0107 blaszk\u0119 \u0142y\u017ck\u0105 mas\u0142a i u\u0142o\u017cy\u0107 w niej pstr\u0105gi. 2.Pieczarki pokroi\u0107 w plasterki, posypa\u0107 ryby pieczarkami i siekan\u0105 zielona pietruszk\u0105 , [&hellip;]<\/p>\n","protected":false},"author":2,"featured_media":0,"comment_status":"open","ping_status":"open","sticky":false,"template":"","format":"standard","meta":{"footnotes":""},"categories":[1],"tags":[],"_links":{"self":[{"href":"https:\/\/blog.polityka.pl\/adamczewski\/wp-json\/wp\/v2\/posts\/10546"}],"collection":[{"href":"https:\/\/blog.polityka.pl\/adamczewski\/wp-json\/wp\/v2\/posts"}],"about":[{"href":"https:\/\/blog.polityka.pl\/adamczewski\/wp-json\/wp\/v2\/types\/post"}],"author":[{"embeddable":true,"href":"https:\/\/blog.polityka.pl\/adamczewski\/wp-json\/wp\/v2\/users\/2"}],"replies":[{"embeddable":true,"href":"https:\/\/blog.polityka.pl\/adamczewski\/wp-json\/wp\/v2\/comments?post=10546"}],"version-history":[{"count":0,"href":"https:\/\/blog.polityka.pl\/adamczewski\/wp-json\/wp\/v2\/posts\/10546\/revisions"}],"wp:attachment":[{"href":"https:\/\/blog.polityka.pl\/adamczewski\/wp-json\/wp\/v2\/media?parent=10546"}],"wp:term":[{"taxonomy":"category","embeddable":true,"href":"https:\/\/blog.polityka.pl\/adamczewski\/wp-json\/wp\/v2\/categories?post=10546"},{"taxonomy":"post_tag","embeddable":true,"href":"https:\/\/blog.polityka.pl\/adamczewski\/wp-json\/wp\/v2\/tags?post=10546"}],"curies":[{"name":"wp","href":"https:\/\/api.w.org\/{rel}","templated":true}]}}