
{"id":10547,"date":"2010-04-23T13:09:10","date_gmt":"2010-04-23T12:09:10","guid":{"rendered":"http:\/\/adamczewscy.pl\/?p=2835"},"modified":"2010-04-23T13:09:10","modified_gmt":"2010-04-23T12:09:10","slug":"rybny-przysmak","status":"publish","type":"post","link":"https:\/\/blog.polityka.pl\/adamczewski\/2010\/04\/23\/rybny-przysmak\/","title":{"rendered":"Rybny przysmak"},"content":{"rendered":"<p><em>1 kg ryby morskiej(mintaj, dorsz),2 marchwie, 2 pomidory, cebula, kawa\u0142ek selera, p\u00f3\u0142 szklanki ry\u017cu,3 \u0142y\u017cki  oliwy,2 \u0142y\u017cki posiekanej zielonej pietruszki,2 jaja,  sok z cytryny, s\u00f3l, pieprz li\u015b\u0107 laurowy<\/em><\/p>\n<p>1.Cebul\u0119 posieka\u0107, marchew i seler pokroi\u0107 w paseczki julienne lub zetrze\u0107 na grubej jarzynowej tarce. Pomidory pola\u0107  wrz\u0105tkiem i obra\u0107 ze sk\u00f3rki, pokroi\u0107  na \u0107wiartki.<br \/>\n2.Zagotowa\u0107 6 szklanek wody i wrzuci\u0107 do niej warzywa, gotowa\u0107 oko\u0142o 20 minut doprawiaj\u0105c wywar sol\u0105, pieprzem i li\u015bciem laurowym.<br \/>\n3.Do wywaru wla\u0107 oliw\u0119  i jeszcze chwil\u0119 gotowa\u0107.<br \/>\n4.Ryby podzieli\u0107 na porcje, lekko posoli\u0107 i w\u0142o\u017cy\u0107 do wywaru. Gotowa\u0107 15 minut, po czym  ugotowan\u0105  ryb\u0119 wyj\u0105\u0107 a  pozosta\u0142y wywar zmiksowa\u0107 z warzywami.<br \/>\n5.Do zmiksowanej zupy doda\u0107  ry\u017c i gotowa\u0107 20minut. Odstawi\u0107  potraw\u0119 z ognia.<br \/>\n6.Jajka ubi\u0107  z sokiem z cytryny, wymiesza\u0107 z zup\u0105(najpierw doda\u0107 troch\u0119 gor\u0105cej zupy, wymiesza\u0107 i wla\u0107 do ca\u0142o\u015bci. Nie gotowa\u0107. Posypa\u0107  zup\u0119 siekan\u0105 zielona pietruszk\u0105.<br \/>\n7.Ugotowan\u0105  ryb\u0119  podawa\u0107  do zupy  z odrobin\u0105 majonezu.<\/p>\n","protected":false},"excerpt":{"rendered":"<p>1 kg ryby morskiej(mintaj, dorsz),2 marchwie, 2 pomidory, cebula, kawa\u0142ek selera, p\u00f3\u0142 szklanki ry\u017cu,3 \u0142y\u017cki oliwy,2 \u0142y\u017cki posiekanej zielonej pietruszki,2 jaja, sok z cytryny, s\u00f3l, pieprz li\u015b\u0107 laurowy 1.Cebul\u0119 posieka\u0107, marchew i seler pokroi\u0107 w paseczki julienne lub zetrze\u0107 na grubej jarzynowej tarce. Pomidory pola\u0107 wrz\u0105tkiem i obra\u0107 ze sk\u00f3rki, pokroi\u0107 na \u0107wiartki. 2.Zagotowa\u0107 6 [&hellip;]<\/p>\n","protected":false},"author":2,"featured_media":0,"comment_status":"open","ping_status":"open","sticky":false,"template":"","format":"standard","meta":{"footnotes":""},"categories":[1],"tags":[],"_links":{"self":[{"href":"https:\/\/blog.polityka.pl\/adamczewski\/wp-json\/wp\/v2\/posts\/10547"}],"collection":[{"href":"https:\/\/blog.polityka.pl\/adamczewski\/wp-json\/wp\/v2\/posts"}],"about":[{"href":"https:\/\/blog.polityka.pl\/adamczewski\/wp-json\/wp\/v2\/types\/post"}],"author":[{"embeddable":true,"href":"https:\/\/blog.polityka.pl\/adamczewski\/wp-json\/wp\/v2\/users\/2"}],"replies":[{"embeddable":true,"href":"https:\/\/blog.polityka.pl\/adamczewski\/wp-json\/wp\/v2\/comments?post=10547"}],"version-history":[{"count":0,"href":"https:\/\/blog.polityka.pl\/adamczewski\/wp-json\/wp\/v2\/posts\/10547\/revisions"}],"wp:attachment":[{"href":"https:\/\/blog.polityka.pl\/adamczewski\/wp-json\/wp\/v2\/media?parent=10547"}],"wp:term":[{"taxonomy":"category","embeddable":true,"href":"https:\/\/blog.polityka.pl\/adamczewski\/wp-json\/wp\/v2\/categories?post=10547"},{"taxonomy":"post_tag","embeddable":true,"href":"https:\/\/blog.polityka.pl\/adamczewski\/wp-json\/wp\/v2\/tags?post=10547"}],"curies":[{"name":"wp","href":"https:\/\/api.w.org\/{rel}","templated":true}]}}