
{"id":10548,"date":"2010-04-23T13:10:02","date_gmt":"2010-04-23T12:10:02","guid":{"rendered":"http:\/\/adamczewscy.pl\/?p=2836"},"modified":"2010-04-23T13:10:02","modified_gmt":"2010-04-23T12:10:02","slug":"szybka-potrawa-z-wieprzowej-karkowki","status":"publish","type":"post","link":"https:\/\/blog.polityka.pl\/adamczewski\/2010\/04\/23\/szybka-potrawa-z-wieprzowej-karkowki\/","title":{"rendered":"Szybka potrawa z wieprzowej kark\u00f3wki"},"content":{"rendered":"<p><em>Ok.50 dag kark\u00f3wki,4 \u015brednie pory,2 zielone papryki, \u015brednia kapusta peki\u0144ska, z\u0105bek czosnku, p\u00f3\u0142 szklanki bulionu warzywnego z kostki, \u0142y\u017cka m\u0105ki ziemniaczanej,4 \u0142y\u017cki oleju,3 \u0142y\u017cki    ciemnego sosu sojowego i ew. 2 \u0142y\u017cki w\u00f3dki, \u0142y\u017cka octu winnego, \u0142y\u017ceczka miodu, \u0142y\u017ceczka mielonego imbiru, \u0142y\u017ceczka Vegety, s\u00f3l, pieprz oraz ostra papryka wed\u0142ug upodoba\u0144.<\/em><\/p>\n<p>1.Mieso pokroi\u0107  w centymetrowe plasterki ,po czym w centymetrowe paski, opr\u00f3szy\u0107 lekko m\u0105k\u0105.<br \/>\n2.Pokroi\u0107  w paski kapust\u0119 i papryk\u0119, pory w plasterki.<br \/>\n3.Rozgrza\u0107 2 \u0142y\u017cki oleju i zrumieni\u0107 na nim paski mi\u0119sa, posypa\u0107  imbirem i Veget\u0105, wla\u0107 \u0107wier\u0107 szklanki bulionu, w\u00f3dk\u0119,<br \/>\n4.Rozgrza\u0107 pozosta\u0142y olej i  doda\u0107  pokrojon\u0105 papryk\u0119, kapust\u0119  i pory. Sma\u017cy\u0107  mieszaj\u0105c 10 minut. Prze\u0142o\u017cy\u0107 do mi\u0119sa.<br \/>\n5.Na pozosta\u0142ym po sma\u017ceniu warzyw t\u0142uszczu zeszkli\u0107  pokrojony czosnek, doda\u0107  sos sojowy, ocet, mi\u00f3d i reszt\u0119 bulionu, zagotowa\u0107  przyprawiaj\u0105c pieprzem i ostr\u0105  papryk\u0105, doda\u0107 do mi\u0119sa.<br \/>\n6.Wszystko razem zagrza\u0107 i podawa\u0107 z ry\u017cem lub makaronem sojowym.<\/p>\n","protected":false},"excerpt":{"rendered":"<p>Ok.50 dag kark\u00f3wki,4 \u015brednie pory,2 zielone papryki, \u015brednia kapusta peki\u0144ska, z\u0105bek czosnku, p\u00f3\u0142 szklanki bulionu warzywnego z kostki, \u0142y\u017cka m\u0105ki ziemniaczanej,4 \u0142y\u017cki oleju,3 \u0142y\u017cki ciemnego sosu sojowego i ew. 2 \u0142y\u017cki w\u00f3dki, \u0142y\u017cka octu winnego, \u0142y\u017ceczka miodu, \u0142y\u017ceczka mielonego imbiru, \u0142y\u017ceczka Vegety, s\u00f3l, pieprz oraz ostra papryka wed\u0142ug upodoba\u0144. 1.Mieso pokroi\u0107 w centymetrowe plasterki ,po [&hellip;]<\/p>\n","protected":false},"author":2,"featured_media":0,"comment_status":"open","ping_status":"open","sticky":false,"template":"","format":"standard","meta":{"footnotes":""},"categories":[1],"tags":[],"_links":{"self":[{"href":"https:\/\/blog.polityka.pl\/adamczewski\/wp-json\/wp\/v2\/posts\/10548"}],"collection":[{"href":"https:\/\/blog.polityka.pl\/adamczewski\/wp-json\/wp\/v2\/posts"}],"about":[{"href":"https:\/\/blog.polityka.pl\/adamczewski\/wp-json\/wp\/v2\/types\/post"}],"author":[{"embeddable":true,"href":"https:\/\/blog.polityka.pl\/adamczewski\/wp-json\/wp\/v2\/users\/2"}],"replies":[{"embeddable":true,"href":"https:\/\/blog.polityka.pl\/adamczewski\/wp-json\/wp\/v2\/comments?post=10548"}],"version-history":[{"count":0,"href":"https:\/\/blog.polityka.pl\/adamczewski\/wp-json\/wp\/v2\/posts\/10548\/revisions"}],"wp:attachment":[{"href":"https:\/\/blog.polityka.pl\/adamczewski\/wp-json\/wp\/v2\/media?parent=10548"}],"wp:term":[{"taxonomy":"category","embeddable":true,"href":"https:\/\/blog.polityka.pl\/adamczewski\/wp-json\/wp\/v2\/categories?post=10548"},{"taxonomy":"post_tag","embeddable":true,"href":"https:\/\/blog.polityka.pl\/adamczewski\/wp-json\/wp\/v2\/tags?post=10548"}],"curies":[{"name":"wp","href":"https:\/\/api.w.org\/{rel}","templated":true}]}}