
{"id":10549,"date":"2010-04-23T13:11:03","date_gmt":"2010-04-23T12:11:03","guid":{"rendered":"http:\/\/adamczewscy.pl\/?p=2837"},"modified":"2010-04-23T13:11:03","modified_gmt":"2010-04-23T12:11:03","slug":"zupa-pomidorowa-z-serowym-musem","status":"publish","type":"post","link":"https:\/\/blog.polityka.pl\/adamczewski\/2010\/04\/23\/zupa-pomidorowa-z-serowym-musem\/","title":{"rendered":"Zupa pomidorowa z serowym musem"},"content":{"rendered":"<p><em>1 kg pomidor\u00f3w,2 ziemniaki, cebula,  \u0142y\u017cka mas\u0142a lub oliwy z oliwek,4 szklanki roso\u0142u lub bulionu warzywnego z kostki, s\u00f3l, pieprz.<br \/>\nNa mus: szklanka startego \u017c\u00f3\u0142tego sera,2 \u0142y\u017cki mocnego alkoholu, ? szklanki \u015bmietany krem\u00f3wki, s\u00f3l, pieprz<br \/>\nDo posypania potrawy: 2 \u0142y\u017cki posiekanych listk\u00f3w \u015bwie\u017cej bazylii.<\/em><\/p>\n<p>1.Obrane ziemniaki pokroi\u0107  w kostk\u0119, cebul\u0119 posieka\u0107.<br \/>\n2.Rozgrza\u0107  mas\u0142o lub oliw\u0119 ,wrzuci\u0107 pokrojone ziemniaki oraz  cebul\u0119 i podsma\u017cy\u0107 na z\u0142ocisto.<br \/>\n3.Wla\u0107 bulion lub ros\u00f3\u0142  i gotowa\u0107 10-15 minut.<br \/>\n4.POmoidory pokroi\u0107 na cz\u0105stki, doda\u0107 do zupy i zn\u00f3w gotowa\u0107 tak\u017ce 10-15 minut, po czym zmiksowa\u0107  zup\u0119 i przecedzi\u0107  przez durszlak aby usun\u0105\u0107 resztki sk\u00f3rek pestek .Doprawi\u0107 zup\u0119 sol\u0105  i pieprzem.<br \/>\n5.Utrze\u0107 starty ser z alkoholem. Sch\u0142odzon\u0105 uprzednio w lod\u00f3wce \u015bmietan\u0119  ubi\u0107, najlepiej mikserem, doda\u0107 utarty ser i starannie wymiesza\u0107.<br \/>\n6.Nalewa\u0107 gor\u0105c\u0105  zup\u0119  do talerzy  ,na wierzchu k\u0142ad\u0105c po kopiastej \u0142y\u017cce musu serowego.<\/p>\n","protected":false},"excerpt":{"rendered":"<p>1 kg pomidor\u00f3w,2 ziemniaki, cebula, \u0142y\u017cka mas\u0142a lub oliwy z oliwek,4 szklanki roso\u0142u lub bulionu warzywnego z kostki, s\u00f3l, pieprz. Na mus: szklanka startego \u017c\u00f3\u0142tego sera,2 \u0142y\u017cki mocnego alkoholu, ? szklanki \u015bmietany krem\u00f3wki, s\u00f3l, pieprz Do posypania potrawy: 2 \u0142y\u017cki posiekanych listk\u00f3w \u015bwie\u017cej bazylii. 1.Obrane ziemniaki pokroi\u0107 w kostk\u0119, cebul\u0119 posieka\u0107. 2.Rozgrza\u0107 mas\u0142o lub oliw\u0119 [&hellip;]<\/p>\n","protected":false},"author":2,"featured_media":0,"comment_status":"open","ping_status":"open","sticky":false,"template":"","format":"standard","meta":{"footnotes":""},"categories":[1],"tags":[],"_links":{"self":[{"href":"https:\/\/blog.polityka.pl\/adamczewski\/wp-json\/wp\/v2\/posts\/10549"}],"collection":[{"href":"https:\/\/blog.polityka.pl\/adamczewski\/wp-json\/wp\/v2\/posts"}],"about":[{"href":"https:\/\/blog.polityka.pl\/adamczewski\/wp-json\/wp\/v2\/types\/post"}],"author":[{"embeddable":true,"href":"https:\/\/blog.polityka.pl\/adamczewski\/wp-json\/wp\/v2\/users\/2"}],"replies":[{"embeddable":true,"href":"https:\/\/blog.polityka.pl\/adamczewski\/wp-json\/wp\/v2\/comments?post=10549"}],"version-history":[{"count":0,"href":"https:\/\/blog.polityka.pl\/adamczewski\/wp-json\/wp\/v2\/posts\/10549\/revisions"}],"wp:attachment":[{"href":"https:\/\/blog.polityka.pl\/adamczewski\/wp-json\/wp\/v2\/media?parent=10549"}],"wp:term":[{"taxonomy":"category","embeddable":true,"href":"https:\/\/blog.polityka.pl\/adamczewski\/wp-json\/wp\/v2\/categories?post=10549"},{"taxonomy":"post_tag","embeddable":true,"href":"https:\/\/blog.polityka.pl\/adamczewski\/wp-json\/wp\/v2\/tags?post=10549"}],"curies":[{"name":"wp","href":"https:\/\/api.w.org\/{rel}","templated":true}]}}