
{"id":10551,"date":"2010-04-30T05:46:38","date_gmt":"2010-04-30T04:46:38","guid":{"rendered":"http:\/\/adamczewscy.pl\/?p=2840"},"modified":"2010-04-30T05:46:38","modified_gmt":"2010-04-30T04:46:38","slug":"dorsz-czosnkowy","status":"publish","type":"post","link":"https:\/\/blog.polityka.pl\/adamczewski\/2010\/04\/30\/dorsz-czosnkowy\/","title":{"rendered":"Dorsz czosnkowy"},"content":{"rendered":"<p><em>4 filety z dorsza (najlepiej bez sk\u00f3ry), 3 z\u0105bki czosnku, 10 dag (p\u00f3l kostki) mas\u0142a, 2 \u0142y\u017cki siekanej zielonej pietruszki, niepe\u0142na szklanka mleka, bia\u0142y mielony pieprz i s\u00f3l do smaku. <\/em><\/p>\n<p>1. Filety z dorsza u\u0142o\u017cy\u0107 w \u017caroodpornym naczyniu, pouk\u0142ada\u0107 na nich plasterki mas\u0142a i wstawi\u0107 do nagrzanego do 170 st C piekarnika.<br \/>\n2. Mleko wymiesza\u0107 z sol\u0105.<br \/>\n3. Kiedy mas\u0142o si\u0119 stopi posypa\u0107 ryby przeci\u015bni\u0119tym przez prask\u0119 czosnkiem i siekan\u0105 zielon\u0105 pietruszk\u0105, posypa\u0107 pieprzem i zala\u0107 przygotowanym mlekiem.<br \/>\n4. Piec potraw\u0119 oko\u0142o 30 minut. Najlepiej smakuje z ziemniakami z wody. <\/p>\n","protected":false},"excerpt":{"rendered":"<p>4 filety z dorsza (najlepiej bez sk\u00f3ry), 3 z\u0105bki czosnku, 10 dag (p\u00f3l kostki) mas\u0142a, 2 \u0142y\u017cki siekanej zielonej pietruszki, niepe\u0142na szklanka mleka, bia\u0142y mielony pieprz i s\u00f3l do smaku. 1. Filety z dorsza u\u0142o\u017cy\u0107 w \u017caroodpornym naczyniu, pouk\u0142ada\u0107 na nich plasterki mas\u0142a i wstawi\u0107 do nagrzanego do 170 st C piekarnika. 2. Mleko wymiesza\u0107 [&hellip;]<\/p>\n","protected":false},"author":2,"featured_media":0,"comment_status":"open","ping_status":"open","sticky":false,"template":"","format":"standard","meta":{"footnotes":""},"categories":[1],"tags":[],"_links":{"self":[{"href":"https:\/\/blog.polityka.pl\/adamczewski\/wp-json\/wp\/v2\/posts\/10551"}],"collection":[{"href":"https:\/\/blog.polityka.pl\/adamczewski\/wp-json\/wp\/v2\/posts"}],"about":[{"href":"https:\/\/blog.polityka.pl\/adamczewski\/wp-json\/wp\/v2\/types\/post"}],"author":[{"embeddable":true,"href":"https:\/\/blog.polityka.pl\/adamczewski\/wp-json\/wp\/v2\/users\/2"}],"replies":[{"embeddable":true,"href":"https:\/\/blog.polityka.pl\/adamczewski\/wp-json\/wp\/v2\/comments?post=10551"}],"version-history":[{"count":0,"href":"https:\/\/blog.polityka.pl\/adamczewski\/wp-json\/wp\/v2\/posts\/10551\/revisions"}],"wp:attachment":[{"href":"https:\/\/blog.polityka.pl\/adamczewski\/wp-json\/wp\/v2\/media?parent=10551"}],"wp:term":[{"taxonomy":"category","embeddable":true,"href":"https:\/\/blog.polityka.pl\/adamczewski\/wp-json\/wp\/v2\/categories?post=10551"},{"taxonomy":"post_tag","embeddable":true,"href":"https:\/\/blog.polityka.pl\/adamczewski\/wp-json\/wp\/v2\/tags?post=10551"}],"curies":[{"name":"wp","href":"https:\/\/api.w.org\/{rel}","templated":true}]}}