
{"id":10552,"date":"2010-04-30T05:47:26","date_gmt":"2010-04-30T04:47:26","guid":{"rendered":"http:\/\/adamczewscy.pl\/?p=2841"},"modified":"2010-04-30T05:47:26","modified_gmt":"2010-04-30T04:47:26","slug":"filet-z-lososia-w-sosie-malinowym","status":"publish","type":"post","link":"https:\/\/blog.polityka.pl\/adamczewski\/2010\/04\/30\/filet-z-lososia-w-sosie-malinowym\/","title":{"rendered":"Filet z \u0142ososia w sosie malinowym"},"content":{"rendered":"<p><em>4 kawa\u0142ki filetu z \u0142ososia, 2 \u0142y\u017cki mas\u0142a, s\u00f3l, pieprz.<br \/>\nNa sos: 4 \u0142y\u017cki mro\u017conych lub w sezonie \u015bwie\u017cych malin, szalotka, \u0142y\u017cka cukru, \u0142y\u017ceczka francuskiej musztardy, 2 \u0142y\u017cki oliwy z oliwek, 2 \u0142y\u017ceczki octu winnego o smaku malinowym. <\/em><\/p>\n<p>1. Kawa\u0142ki \u0142ososia posypa\u0107 sol\u0105 i pieprzem, u\u0142o\u017cy\u0107 w \u017caroodpornym naczyniu, pola\u0107 roztopionym mas\u0142em i w temperaturze 200 st c piec 15 minut.<br \/>\n2. Przygotowa\u0107 sos: szalotk\u0119 posieka\u0107 jak najdrobniej i przela\u0107 wrz\u0105c\u0105 wod\u0105.<br \/>\n3. Maliny zmiksowa\u0107,  przetrze\u0107 przez sitko.<br \/>\n4. Wymiesza\u0107 maliny, sparzona szalotk\u0119, doda\u0107 cukier, musztard\u0119, oliw\u0119 i ocet winny, gotowa\u0107 5 minut i pola\u0107 sosem upieczone kawa\u0142ki \u0142ososia. <\/p>\n","protected":false},"excerpt":{"rendered":"<p>4 kawa\u0142ki filetu z \u0142ososia, 2 \u0142y\u017cki mas\u0142a, s\u00f3l, pieprz. Na sos: 4 \u0142y\u017cki mro\u017conych lub w sezonie \u015bwie\u017cych malin, szalotka, \u0142y\u017cka cukru, \u0142y\u017ceczka francuskiej musztardy, 2 \u0142y\u017cki oliwy z oliwek, 2 \u0142y\u017ceczki octu winnego o smaku malinowym. 1. Kawa\u0142ki \u0142ososia posypa\u0107 sol\u0105 i pieprzem, u\u0142o\u017cy\u0107 w \u017caroodpornym naczyniu, pola\u0107 roztopionym mas\u0142em i w temperaturze [&hellip;]<\/p>\n","protected":false},"author":2,"featured_media":0,"comment_status":"open","ping_status":"open","sticky":false,"template":"","format":"standard","meta":{"footnotes":""},"categories":[1],"tags":[],"_links":{"self":[{"href":"https:\/\/blog.polityka.pl\/adamczewski\/wp-json\/wp\/v2\/posts\/10552"}],"collection":[{"href":"https:\/\/blog.polityka.pl\/adamczewski\/wp-json\/wp\/v2\/posts"}],"about":[{"href":"https:\/\/blog.polityka.pl\/adamczewski\/wp-json\/wp\/v2\/types\/post"}],"author":[{"embeddable":true,"href":"https:\/\/blog.polityka.pl\/adamczewski\/wp-json\/wp\/v2\/users\/2"}],"replies":[{"embeddable":true,"href":"https:\/\/blog.polityka.pl\/adamczewski\/wp-json\/wp\/v2\/comments?post=10552"}],"version-history":[{"count":0,"href":"https:\/\/blog.polityka.pl\/adamczewski\/wp-json\/wp\/v2\/posts\/10552\/revisions"}],"wp:attachment":[{"href":"https:\/\/blog.polityka.pl\/adamczewski\/wp-json\/wp\/v2\/media?parent=10552"}],"wp:term":[{"taxonomy":"category","embeddable":true,"href":"https:\/\/blog.polityka.pl\/adamczewski\/wp-json\/wp\/v2\/categories?post=10552"},{"taxonomy":"post_tag","embeddable":true,"href":"https:\/\/blog.polityka.pl\/adamczewski\/wp-json\/wp\/v2\/tags?post=10552"}],"curies":[{"name":"wp","href":"https:\/\/api.w.org\/{rel}","templated":true}]}}