
{"id":10555,"date":"2010-04-30T05:50:21","date_gmt":"2010-04-30T04:50:21","guid":{"rendered":"http:\/\/adamczewscy.pl\/?p=2844"},"modified":"2010-04-30T05:50:21","modified_gmt":"2010-04-30T04:50:21","slug":"ziolowa-zupa-z-chrupiacymi-grzankami","status":"publish","type":"post","link":"https:\/\/blog.polityka.pl\/adamczewski\/2010\/04\/30\/ziolowa-zupa-z-chrupiacymi-grzankami\/","title":{"rendered":"Zio\u0142owa zupa z chrupi\u0105cymi grzankami"},"content":{"rendered":"<p><em>2 \u0142y\u017cki mas\u0142a, 2 &#8211; 3 \u0142y\u017cki m\u0105ki, 4 szklanki bulionu warzywnego z kostki,  co najmniej 4 kopiaste \u0142y\u017cki posiekanych \u015bwie\u017cych zi\u00f3\u0142: szczypiorek, zielona pietruszka, bazylia, kolendra), z\u0105bek czosnku, s\u00f3l, pieprz. Ew. p\u00f3\u0142 szklanki s\u0142odkiej \u015bmietanki 12-proc.<br \/>\nNa grzanki: 2 kromki chleba, \u0142y\u017cka mas\u0142a<\/em><\/p>\n<p>1. W garnku rozgrza\u0107  mas\u0142o, doda\u0107 przeci\u015bni\u0119ty przez prask\u0119 czosnek i chwil\u0119 dusi\u0107.<br \/>\n2. Do podduszonego czosnku doda\u0107 m\u0105k\u0119. Miesza\u0107, a\u017c stanie si\u0119 jasna i puszysta, w\u00f3wczas dolewa\u0107 po trochu bulion, stale mieszaj\u0105c. Po zagotowaniu odstawi\u0107.<br \/>\n3. Do zupy doda\u0107 drobno posiekane zio\u0142a i ca\u0142o\u015b\u0107 zmiksowa\u0107, doprawi\u0107 do smaku sol\u0105, pieprzem i ew. s\u0142odk\u0105 \u015bmietank\u0105.<br \/>\n4. Chleb pokroi\u0107 w drobne sze\u015bcianiki, podsuszy\u0107 na suchej patelni. Kiedy zaczn\u0105 si\u0119 rumieni\u0107 brzegi grzanek doda\u0107 mas\u0142o i wymiesza\u0107. <\/p>\n","protected":false},"excerpt":{"rendered":"<p>2 \u0142y\u017cki mas\u0142a, 2 &#8211; 3 \u0142y\u017cki m\u0105ki, 4 szklanki bulionu warzywnego z kostki, co najmniej 4 kopiaste \u0142y\u017cki posiekanych \u015bwie\u017cych zi\u00f3\u0142: szczypiorek, zielona pietruszka, bazylia, kolendra), z\u0105bek czosnku, s\u00f3l, pieprz. Ew. p\u00f3\u0142 szklanki s\u0142odkiej \u015bmietanki 12-proc. Na grzanki: 2 kromki chleba, \u0142y\u017cka mas\u0142a 1. W garnku rozgrza\u0107 mas\u0142o, doda\u0107 przeci\u015bni\u0119ty przez prask\u0119 czosnek i [&hellip;]<\/p>\n","protected":false},"author":2,"featured_media":0,"comment_status":"open","ping_status":"open","sticky":false,"template":"","format":"standard","meta":{"footnotes":""},"categories":[1],"tags":[],"_links":{"self":[{"href":"https:\/\/blog.polityka.pl\/adamczewski\/wp-json\/wp\/v2\/posts\/10555"}],"collection":[{"href":"https:\/\/blog.polityka.pl\/adamczewski\/wp-json\/wp\/v2\/posts"}],"about":[{"href":"https:\/\/blog.polityka.pl\/adamczewski\/wp-json\/wp\/v2\/types\/post"}],"author":[{"embeddable":true,"href":"https:\/\/blog.polityka.pl\/adamczewski\/wp-json\/wp\/v2\/users\/2"}],"replies":[{"embeddable":true,"href":"https:\/\/blog.polityka.pl\/adamczewski\/wp-json\/wp\/v2\/comments?post=10555"}],"version-history":[{"count":0,"href":"https:\/\/blog.polityka.pl\/adamczewski\/wp-json\/wp\/v2\/posts\/10555\/revisions"}],"wp:attachment":[{"href":"https:\/\/blog.polityka.pl\/adamczewski\/wp-json\/wp\/v2\/media?parent=10555"}],"wp:term":[{"taxonomy":"category","embeddable":true,"href":"https:\/\/blog.polityka.pl\/adamczewski\/wp-json\/wp\/v2\/categories?post=10555"},{"taxonomy":"post_tag","embeddable":true,"href":"https:\/\/blog.polityka.pl\/adamczewski\/wp-json\/wp\/v2\/tags?post=10555"}],"curies":[{"name":"wp","href":"https:\/\/api.w.org\/{rel}","templated":true}]}}