
{"id":10560,"date":"2010-05-07T04:45:04","date_gmt":"2010-05-07T03:45:04","guid":{"rendered":"http:\/\/adamczewscy.pl\/?p=2850"},"modified":"2010-05-07T04:45:04","modified_gmt":"2010-05-07T03:45:04","slug":"pomidorowy-krem-wiosenny","status":"publish","type":"post","link":"https:\/\/blog.polityka.pl\/adamczewski\/2010\/05\/07\/pomidorowy-krem-wiosenny\/","title":{"rendered":"Pomidorowy krem wiosenny"},"content":{"rendered":"<p><em>Na wywar: marchew, pietruszka, kawa\u0142ek selera i niedu\u017cy por, 4 du\u017ce mi\u0119siste pomidory, 12 listk\u00f3w bazylii, cebula, \u0142y\u017cka oliwy z oliwek,  s\u00f3l, pieprz, p\u00f3\u0142 szklanki jogurtu naturalnego<\/em><\/p>\n<p>1. Marchew, pietruszk\u0119 i seler obra\u0107, pokroi\u0107 na niedu\u017ce kawa\u0142ki, por obra\u0107, pokroi\u0107 w makaronik. Wla\u0107 4 szklanki wody i ugotowa\u0107 wywar; pod koniec gotowania doda\u0107 s\u00f3l do smaku.<br \/>\n2. Na oliwie poddusi\u0107 posiekan\u0105 drobno cebul\u0119, doda\u0107 obrane ze sk\u00f3rki pomidory i dusi\u0107 a\u017c zupe\u0142nie sie rozgotuj\u0105.<br \/>\n3. Po\u0142\u0105czy\u0107 pomidory z przecedzonym przez sitko wywarem, doda\u0107 s\u00f3l, pieprz do smaku, 8 posiekanych li\u015bci bazylii i po chwili, kiedy zupa lekko ostygnie doda\u0107 jogurt i wymiesza\u0107.<br \/>\n4. Podawa\u0107 w g\u0142\u0119bokich talerzach przybrane pozosta\u0142ymi listkami bazylii. <\/p>\n","protected":false},"excerpt":{"rendered":"<p>Na wywar: marchew, pietruszka, kawa\u0142ek selera i niedu\u017cy por, 4 du\u017ce mi\u0119siste pomidory, 12 listk\u00f3w bazylii, cebula, \u0142y\u017cka oliwy z oliwek, s\u00f3l, pieprz, p\u00f3\u0142 szklanki jogurtu naturalnego 1. Marchew, pietruszk\u0119 i seler obra\u0107, pokroi\u0107 na niedu\u017ce kawa\u0142ki, por obra\u0107, pokroi\u0107 w makaronik. Wla\u0107 4 szklanki wody i ugotowa\u0107 wywar; pod koniec gotowania doda\u0107 s\u00f3l do [&hellip;]<\/p>\n","protected":false},"author":2,"featured_media":0,"comment_status":"open","ping_status":"open","sticky":false,"template":"","format":"standard","meta":{"footnotes":""},"categories":[1],"tags":[],"_links":{"self":[{"href":"https:\/\/blog.polityka.pl\/adamczewski\/wp-json\/wp\/v2\/posts\/10560"}],"collection":[{"href":"https:\/\/blog.polityka.pl\/adamczewski\/wp-json\/wp\/v2\/posts"}],"about":[{"href":"https:\/\/blog.polityka.pl\/adamczewski\/wp-json\/wp\/v2\/types\/post"}],"author":[{"embeddable":true,"href":"https:\/\/blog.polityka.pl\/adamczewski\/wp-json\/wp\/v2\/users\/2"}],"replies":[{"embeddable":true,"href":"https:\/\/blog.polityka.pl\/adamczewski\/wp-json\/wp\/v2\/comments?post=10560"}],"version-history":[{"count":0,"href":"https:\/\/blog.polityka.pl\/adamczewski\/wp-json\/wp\/v2\/posts\/10560\/revisions"}],"wp:attachment":[{"href":"https:\/\/blog.polityka.pl\/adamczewski\/wp-json\/wp\/v2\/media?parent=10560"}],"wp:term":[{"taxonomy":"category","embeddable":true,"href":"https:\/\/blog.polityka.pl\/adamczewski\/wp-json\/wp\/v2\/categories?post=10560"},{"taxonomy":"post_tag","embeddable":true,"href":"https:\/\/blog.polityka.pl\/adamczewski\/wp-json\/wp\/v2\/tags?post=10560"}],"curies":[{"name":"wp","href":"https:\/\/api.w.org\/{rel}","templated":true}]}}