
{"id":10564,"date":"2010-05-14T05:19:10","date_gmt":"2010-05-14T04:19:10","guid":{"rendered":"http:\/\/adamczewscy.pl\/?p=2855"},"modified":"2010-05-14T05:19:10","modified_gmt":"2010-05-14T04:19:10","slug":"filety-z-morskiej-ryby-w-ciescie","status":"publish","type":"post","link":"https:\/\/blog.polityka.pl\/adamczewski\/2010\/05\/14\/filety-z-morskiej-ryby-w-ciescie\/","title":{"rendered":"Filety z morskiej ryby w cie\u015bcie"},"content":{"rendered":"<p><em>80 dag morszczuka lub dorsza, p\u00f3\u0142 szklanki oleju do sma\u017cenia, sok z po\u0142owy cytryny, p\u00f3\u0142 \u0142y\u017ceczki posiekanego lub szczypta suszonego tymianku, s\u00f3l, pieprz.<br \/>\nNa ciasto: p\u00f3\u0142 szklanki m\u0105ki, 3 \u0142y\u017cki mleka, jajo, s\u00f3l, pieprz. <\/em><\/p>\n<p>1. Umyte i wysuszone przy pomocy papierowej kuchennej \u015bciereczki filety pokroi\u0107 na porcje, skropi\u0107 sokiem cytrynowym, posypa\u0107 pieprzem,  sol\u0105 i tymiankiem. Odstawi\u0107 do lod\u00f3wki pod przykryciem z folii spo\u017cywczej.<br \/>\n2. Mikserem wymiesza\u0107 sk\u0142adniki ciasta.<br \/>\n3. Na patelni rozgrza\u0107 olej. Ka\u017cdy kawa\u0142ek ryby macza\u0107 dok\u0142adnie w cie\u015bcie, po czym sma\u017cy\u0107 na z\u0142ocisto z obu stron. Wyk\u0142ada\u0107 na z\u0142o\u017cony kilkakrotnie kawa\u0142ek papierowej kuchennej \u015bciereczki, aby ods\u0105czy\u0107 nadmiar t\u0142uszczu. <\/p>\n","protected":false},"excerpt":{"rendered":"<p>80 dag morszczuka lub dorsza, p\u00f3\u0142 szklanki oleju do sma\u017cenia, sok z po\u0142owy cytryny, p\u00f3\u0142 \u0142y\u017ceczki posiekanego lub szczypta suszonego tymianku, s\u00f3l, pieprz. Na ciasto: p\u00f3\u0142 szklanki m\u0105ki, 3 \u0142y\u017cki mleka, jajo, s\u00f3l, pieprz. 1. Umyte i wysuszone przy pomocy papierowej kuchennej \u015bciereczki filety pokroi\u0107 na porcje, skropi\u0107 sokiem cytrynowym, posypa\u0107 pieprzem, sol\u0105 i tymiankiem. [&hellip;]<\/p>\n","protected":false},"author":2,"featured_media":0,"comment_status":"open","ping_status":"open","sticky":false,"template":"","format":"standard","meta":{"footnotes":""},"categories":[1],"tags":[],"_links":{"self":[{"href":"https:\/\/blog.polityka.pl\/adamczewski\/wp-json\/wp\/v2\/posts\/10564"}],"collection":[{"href":"https:\/\/blog.polityka.pl\/adamczewski\/wp-json\/wp\/v2\/posts"}],"about":[{"href":"https:\/\/blog.polityka.pl\/adamczewski\/wp-json\/wp\/v2\/types\/post"}],"author":[{"embeddable":true,"href":"https:\/\/blog.polityka.pl\/adamczewski\/wp-json\/wp\/v2\/users\/2"}],"replies":[{"embeddable":true,"href":"https:\/\/blog.polityka.pl\/adamczewski\/wp-json\/wp\/v2\/comments?post=10564"}],"version-history":[{"count":0,"href":"https:\/\/blog.polityka.pl\/adamczewski\/wp-json\/wp\/v2\/posts\/10564\/revisions"}],"wp:attachment":[{"href":"https:\/\/blog.polityka.pl\/adamczewski\/wp-json\/wp\/v2\/media?parent=10564"}],"wp:term":[{"taxonomy":"category","embeddable":true,"href":"https:\/\/blog.polityka.pl\/adamczewski\/wp-json\/wp\/v2\/categories?post=10564"},{"taxonomy":"post_tag","embeddable":true,"href":"https:\/\/blog.polityka.pl\/adamczewski\/wp-json\/wp\/v2\/tags?post=10564"}],"curies":[{"name":"wp","href":"https:\/\/api.w.org\/{rel}","templated":true}]}}