
{"id":10565,"date":"2010-05-14T05:19:39","date_gmt":"2010-05-14T04:19:39","guid":{"rendered":"http:\/\/adamczewscy.pl\/?p=2856"},"modified":"2010-05-14T05:19:39","modified_gmt":"2010-05-14T04:19:39","slug":"sandacz-w-sosie-pieczarkowym","status":"publish","type":"post","link":"https:\/\/blog.polityka.pl\/adamczewski\/2010\/05\/14\/sandacz-w-sosie-pieczarkowym\/","title":{"rendered":"Sandacz w sosie pieczarkowym"},"content":{"rendered":"<p><em>4 ?jednoosobowe? filety z sandacza, 20 dag pieczarek, szklanka \u015bmietany 18-proc., 2 \u0142y\u017cki m\u0105ki, \u017c\u00f3\u0142tko, s\u00f3l, pieprz, 3 \u0142y\u017cki mas\u0142a. <\/em><\/p>\n<p>1. Posmarowa\u0107 naczynie \u017caroodporne2 \u0142y\u017ckami mas\u0142a, u\u0142o\u017cy\u0107 w nim umyte a nast\u0119pnie osuszone papierow\u0105 kuchenn\u0105 \u015bciereczk\u0105 filety, posoli\u0107, przykry\u0107 foli\u0105 aluminiow\u0105 lub arkuszem posmarowanego mas\u0142em pergaminu. Wstawi\u0107 do nagrzanego do 190 st c piekarnika.<br \/>\n2. Pieczarki pokroi\u0107 drobno i podsma\u017cy\u0107 na pozosta\u0142ym ma\u015ble, wymiesza\u0107 ze \u015bmietan\u0105, m\u0105k\u0105 i \u017c\u00f3\u0142tkiem oraz odrobin\u0105 soli i pieprzu.<br \/>\n3. Kiedy ryba jest ju\u017c niemal upieczona zala\u0107 sosem i piec razem jeszcze kwadrans. Wierzch powinien si\u0119 lekko zrumieni\u0107. <\/p>\n","protected":false},"excerpt":{"rendered":"<p>4 ?jednoosobowe? filety z sandacza, 20 dag pieczarek, szklanka \u015bmietany 18-proc., 2 \u0142y\u017cki m\u0105ki, \u017c\u00f3\u0142tko, s\u00f3l, pieprz, 3 \u0142y\u017cki mas\u0142a. 1. Posmarowa\u0107 naczynie \u017caroodporne2 \u0142y\u017ckami mas\u0142a, u\u0142o\u017cy\u0107 w nim umyte a nast\u0119pnie osuszone papierow\u0105 kuchenn\u0105 \u015bciereczk\u0105 filety, posoli\u0107, przykry\u0107 foli\u0105 aluminiow\u0105 lub arkuszem posmarowanego mas\u0142em pergaminu. Wstawi\u0107 do nagrzanego do 190 st c piekarnika. 2. [&hellip;]<\/p>\n","protected":false},"author":2,"featured_media":0,"comment_status":"open","ping_status":"open","sticky":false,"template":"","format":"standard","meta":{"footnotes":""},"categories":[1],"tags":[],"_links":{"self":[{"href":"https:\/\/blog.polityka.pl\/adamczewski\/wp-json\/wp\/v2\/posts\/10565"}],"collection":[{"href":"https:\/\/blog.polityka.pl\/adamczewski\/wp-json\/wp\/v2\/posts"}],"about":[{"href":"https:\/\/blog.polityka.pl\/adamczewski\/wp-json\/wp\/v2\/types\/post"}],"author":[{"embeddable":true,"href":"https:\/\/blog.polityka.pl\/adamczewski\/wp-json\/wp\/v2\/users\/2"}],"replies":[{"embeddable":true,"href":"https:\/\/blog.polityka.pl\/adamczewski\/wp-json\/wp\/v2\/comments?post=10565"}],"version-history":[{"count":0,"href":"https:\/\/blog.polityka.pl\/adamczewski\/wp-json\/wp\/v2\/posts\/10565\/revisions"}],"wp:attachment":[{"href":"https:\/\/blog.polityka.pl\/adamczewski\/wp-json\/wp\/v2\/media?parent=10565"}],"wp:term":[{"taxonomy":"category","embeddable":true,"href":"https:\/\/blog.polityka.pl\/adamczewski\/wp-json\/wp\/v2\/categories?post=10565"},{"taxonomy":"post_tag","embeddable":true,"href":"https:\/\/blog.polityka.pl\/adamczewski\/wp-json\/wp\/v2\/tags?post=10565"}],"curies":[{"name":"wp","href":"https:\/\/api.w.org\/{rel}","templated":true}]}}