
{"id":10568,"date":"2010-05-21T06:01:12","date_gmt":"2010-05-21T05:01:12","guid":{"rendered":"http:\/\/adamczewscy.pl\/?p=2860"},"modified":"2010-05-21T06:01:12","modified_gmt":"2010-05-21T05:01:12","slug":"kapusniak-wiosenny","status":"publish","type":"post","link":"https:\/\/blog.polityka.pl\/adamczewski\/2010\/05\/21\/kapusniak-wiosenny\/","title":{"rendered":"Kapu\u015bniak wiosenny"},"content":{"rendered":"<p><em>P\u00f3\u0142 g\u0142\u00f3wki m\u0142odej kapusty, 4 ziemniaki, 2 marchwie, 2 \u0142y\u017cki mas\u0142a, 2 dymki, 3 szklanki bulionu ciel\u0119cego z kostki, 4 \u0142y\u017cki pokrojonego w kostk\u0119 boczku, szczypta kminku, s\u00f3l, pieprz, sok z cytryny do smaku, 4 kopiaste \u0142y\u017cki siekanego koperku. <\/em><\/p>\n<p>1. Kapust\u0119 poszatkowa\u0107, ziemniaki i marchew obra\u0107 i pokroi\u0107 w cienkie plasterki, dymk\u0119 pokroi\u0107 drobno wraz ze szczypiorem.<br \/>\n2. Na patelni rozgrza\u0107 mas\u0142o, podsma\u017cy\u0107 na nim kapust\u0119 z warzywami i ziemniakami, prze\u0142o\u017cy\u0107 do garnka i wla\u0107 bulion.<br \/>\n3. Pokrojony boczek zrumieni\u0107 na pozosta\u0142ym na patelni t\u0142uszczu i prze\u0142o\u017cy\u0107 do zupy.<br \/>\n4. Gotowa\u0107 zup\u0119 oko\u0142o 15 minut, doprawi\u0107 sokiem cytrynowym, kminkiem, sol\u0105, pieprzem i przed podaniem posypa\u0107 zup\u0119 koperkiem. <\/p>\n","protected":false},"excerpt":{"rendered":"<p>P\u00f3\u0142 g\u0142\u00f3wki m\u0142odej kapusty, 4 ziemniaki, 2 marchwie, 2 \u0142y\u017cki mas\u0142a, 2 dymki, 3 szklanki bulionu ciel\u0119cego z kostki, 4 \u0142y\u017cki pokrojonego w kostk\u0119 boczku, szczypta kminku, s\u00f3l, pieprz, sok z cytryny do smaku, 4 kopiaste \u0142y\u017cki siekanego koperku. 1. Kapust\u0119 poszatkowa\u0107, ziemniaki i marchew obra\u0107 i pokroi\u0107 w cienkie plasterki, dymk\u0119 pokroi\u0107 drobno wraz [&hellip;]<\/p>\n","protected":false},"author":2,"featured_media":0,"comment_status":"open","ping_status":"open","sticky":false,"template":"","format":"standard","meta":{"footnotes":""},"categories":[1],"tags":[],"_links":{"self":[{"href":"https:\/\/blog.polityka.pl\/adamczewski\/wp-json\/wp\/v2\/posts\/10568"}],"collection":[{"href":"https:\/\/blog.polityka.pl\/adamczewski\/wp-json\/wp\/v2\/posts"}],"about":[{"href":"https:\/\/blog.polityka.pl\/adamczewski\/wp-json\/wp\/v2\/types\/post"}],"author":[{"embeddable":true,"href":"https:\/\/blog.polityka.pl\/adamczewski\/wp-json\/wp\/v2\/users\/2"}],"replies":[{"embeddable":true,"href":"https:\/\/blog.polityka.pl\/adamczewski\/wp-json\/wp\/v2\/comments?post=10568"}],"version-history":[{"count":0,"href":"https:\/\/blog.polityka.pl\/adamczewski\/wp-json\/wp\/v2\/posts\/10568\/revisions"}],"wp:attachment":[{"href":"https:\/\/blog.polityka.pl\/adamczewski\/wp-json\/wp\/v2\/media?parent=10568"}],"wp:term":[{"taxonomy":"category","embeddable":true,"href":"https:\/\/blog.polityka.pl\/adamczewski\/wp-json\/wp\/v2\/categories?post=10568"},{"taxonomy":"post_tag","embeddable":true,"href":"https:\/\/blog.polityka.pl\/adamczewski\/wp-json\/wp\/v2\/tags?post=10568"}],"curies":[{"name":"wp","href":"https:\/\/api.w.org\/{rel}","templated":true}]}}