
{"id":10570,"date":"2010-05-21T06:02:04","date_gmt":"2010-05-21T05:02:04","guid":{"rendered":"http:\/\/adamczewscy.pl\/?p=2862"},"modified":"2010-05-21T06:02:04","modified_gmt":"2010-05-21T05:02:04","slug":"orzechowe-ciasteczka","status":"publish","type":"post","link":"https:\/\/blog.polityka.pl\/adamczewski\/2010\/05\/21\/orzechowe-ciasteczka\/","title":{"rendered":"Orzechowe ciasteczka"},"content":{"rendered":"<p><em>10 dag posiekanych lub zmielonych orzech\u00f3w w\u0142oskich, szklanka m\u0105ki, 20 dag mas\u0142a, 4 \u0142y\u017cki cukru, cukier waniliowy, 2 \u0142y\u017cki rumu lub 5 kropli olejku rumowego i 2 \u0142y\u017cki w\u00f3dki.<br \/>\nDo przybrania: 30 po\u0142\u00f3wek orzech\u00f3w w\u0142oskich<\/em><\/p>\n<p>1. Utrze\u0107 mas\u0142o z cukrem i cukrem waniliowym.<br \/>\n2. Do utartego mas\u0142a doda\u0107 siekane lub zmielone orzechy, alkohol i olejek rumowy lub rum oraz m\u0105k\u0119. Zagnie\u015b\u0107 ciasto i po zawini\u0119ciu w foliowy woreczek w\u0142o\u017cy\u0107 do lod\u00f3wki co najmniej na 12 godzin.<br \/>\n3. Po wyj\u0119ciu ciasta z lod\u00f3wki formowa\u0107 kulki wielko\u015bci ma\u0142ego w\u0142oskiego orzecha uk\u0142ada\u0107 na wy\u0142o\u017conej papierem do wypiek\u00f3w blaszce, sp\u0142aszcza\u0107 ciastka d\u0142oni\u0105 i na ka\u017cdym uk\u0142ada\u0107 po\u0142\u00f3wk\u0119 w\u0142oskiego orzecha.<br \/>\n4. Piec w nagrzanym do 220 st C piekarniku oko\u0142o 10 minut. <\/p>\n","protected":false},"excerpt":{"rendered":"<p>10 dag posiekanych lub zmielonych orzech\u00f3w w\u0142oskich, szklanka m\u0105ki, 20 dag mas\u0142a, 4 \u0142y\u017cki cukru, cukier waniliowy, 2 \u0142y\u017cki rumu lub 5 kropli olejku rumowego i 2 \u0142y\u017cki w\u00f3dki. Do przybrania: 30 po\u0142\u00f3wek orzech\u00f3w w\u0142oskich 1. Utrze\u0107 mas\u0142o z cukrem i cukrem waniliowym. 2. Do utartego mas\u0142a doda\u0107 siekane lub zmielone orzechy, alkohol i olejek [&hellip;]<\/p>\n","protected":false},"author":2,"featured_media":0,"comment_status":"open","ping_status":"open","sticky":false,"template":"","format":"standard","meta":{"footnotes":""},"categories":[1],"tags":[],"_links":{"self":[{"href":"https:\/\/blog.polityka.pl\/adamczewski\/wp-json\/wp\/v2\/posts\/10570"}],"collection":[{"href":"https:\/\/blog.polityka.pl\/adamczewski\/wp-json\/wp\/v2\/posts"}],"about":[{"href":"https:\/\/blog.polityka.pl\/adamczewski\/wp-json\/wp\/v2\/types\/post"}],"author":[{"embeddable":true,"href":"https:\/\/blog.polityka.pl\/adamczewski\/wp-json\/wp\/v2\/users\/2"}],"replies":[{"embeddable":true,"href":"https:\/\/blog.polityka.pl\/adamczewski\/wp-json\/wp\/v2\/comments?post=10570"}],"version-history":[{"count":0,"href":"https:\/\/blog.polityka.pl\/adamczewski\/wp-json\/wp\/v2\/posts\/10570\/revisions"}],"wp:attachment":[{"href":"https:\/\/blog.polityka.pl\/adamczewski\/wp-json\/wp\/v2\/media?parent=10570"}],"wp:term":[{"taxonomy":"category","embeddable":true,"href":"https:\/\/blog.polityka.pl\/adamczewski\/wp-json\/wp\/v2\/categories?post=10570"},{"taxonomy":"post_tag","embeddable":true,"href":"https:\/\/blog.polityka.pl\/adamczewski\/wp-json\/wp\/v2\/tags?post=10570"}],"curies":[{"name":"wp","href":"https:\/\/api.w.org\/{rel}","templated":true}]}}