
{"id":10572,"date":"2010-05-21T06:03:01","date_gmt":"2010-05-21T05:03:01","guid":{"rendered":"http:\/\/adamczewscy.pl\/?p=2864"},"modified":"2010-05-21T06:03:01","modified_gmt":"2010-05-21T05:03:01","slug":"zupa-wiosenna-ze-szczawiem","status":"publish","type":"post","link":"https:\/\/blog.polityka.pl\/adamczewski\/2010\/05\/21\/zupa-wiosenna-ze-szczawiem\/","title":{"rendered":"Zupa wiosenna ze szczawiem"},"content":{"rendered":"<p><em>15 dag mi\u0119sa z indyczej piersi, 2 \u0142y\u017cki mas\u0142a, 3 dymki, 4 szklanki bulionu warzywnego z kostki, 3 m\u0142ode marchwie, kalarepka, p\u00f3\u0142 kalafiora, 10 dag szczawiu, 4 \u0142y\u017cki posiekanej zielonej pietruszki, s\u00f3l, pieprz, 2 jaja ugotowane na twardo, \u0142y\u017ceczka lub wi\u0119cej, wed\u0142ug smaku, p\u0142ynnego miodu. <\/em><\/p>\n<p>1. Mi\u0119so pokroi\u0107 na ma\u0142e kostki i na ma\u015ble zrumieni\u0107 je ze wszystkich stron.<br \/>\n2. Podsma\u017cone mi\u0119so zala\u0107 bulionem i gotowa\u0107.<br \/>\n3. W tym czasie obra\u0107 marchew i pokroi\u0107 w cienkie plasterki, kalarepk\u0119 pokroi\u0107 w kostk\u0119 a kalafiora podzieli\u0107 na jak najmniejsze r\u00f3\u017cyczki i wszystkie warzywa doda\u0107 do zupy. Gotowa\u0107 15 minut.<br \/>\n4. Oczy\u015bci\u0107 i posieka\u0107 szczaw. Doda\u0107 do zupy i gotowa\u0107 nast\u0119pne10 minut.<br \/>\n5. Doprawi\u0107 zup\u0119 do smaku sol\u0105 oraz miodem.<br \/>\n6. Podawa\u0107 zup\u0119 z \u0107wiartkami jaj na twardo. <\/p>\n","protected":false},"excerpt":{"rendered":"<p>15 dag mi\u0119sa z indyczej piersi, 2 \u0142y\u017cki mas\u0142a, 3 dymki, 4 szklanki bulionu warzywnego z kostki, 3 m\u0142ode marchwie, kalarepka, p\u00f3\u0142 kalafiora, 10 dag szczawiu, 4 \u0142y\u017cki posiekanej zielonej pietruszki, s\u00f3l, pieprz, 2 jaja ugotowane na twardo, \u0142y\u017ceczka lub wi\u0119cej, wed\u0142ug smaku, p\u0142ynnego miodu. 1. Mi\u0119so pokroi\u0107 na ma\u0142e kostki i na ma\u015ble zrumieni\u0107 [&hellip;]<\/p>\n","protected":false},"author":2,"featured_media":0,"comment_status":"open","ping_status":"open","sticky":false,"template":"","format":"standard","meta":{"footnotes":""},"categories":[1],"tags":[],"_links":{"self":[{"href":"https:\/\/blog.polityka.pl\/adamczewski\/wp-json\/wp\/v2\/posts\/10572"}],"collection":[{"href":"https:\/\/blog.polityka.pl\/adamczewski\/wp-json\/wp\/v2\/posts"}],"about":[{"href":"https:\/\/blog.polityka.pl\/adamczewski\/wp-json\/wp\/v2\/types\/post"}],"author":[{"embeddable":true,"href":"https:\/\/blog.polityka.pl\/adamczewski\/wp-json\/wp\/v2\/users\/2"}],"replies":[{"embeddable":true,"href":"https:\/\/blog.polityka.pl\/adamczewski\/wp-json\/wp\/v2\/comments?post=10572"}],"version-history":[{"count":0,"href":"https:\/\/blog.polityka.pl\/adamczewski\/wp-json\/wp\/v2\/posts\/10572\/revisions"}],"wp:attachment":[{"href":"https:\/\/blog.polityka.pl\/adamczewski\/wp-json\/wp\/v2\/media?parent=10572"}],"wp:term":[{"taxonomy":"category","embeddable":true,"href":"https:\/\/blog.polityka.pl\/adamczewski\/wp-json\/wp\/v2\/categories?post=10572"},{"taxonomy":"post_tag","embeddable":true,"href":"https:\/\/blog.polityka.pl\/adamczewski\/wp-json\/wp\/v2\/tags?post=10572"}],"curies":[{"name":"wp","href":"https:\/\/api.w.org\/{rel}","templated":true}]}}