
{"id":10574,"date":"2010-05-21T06:04:12","date_gmt":"2010-05-21T05:04:12","guid":{"rendered":"http:\/\/adamczewscy.pl\/?p=2866"},"modified":"2010-05-21T06:04:12","modified_gmt":"2010-05-21T05:04:12","slug":"karp-lub-tolpyga-w-sosie-pieczarkowym","status":"publish","type":"post","link":"https:\/\/blog.polityka.pl\/adamczewski\/2010\/05\/21\/karp-lub-tolpyga-w-sosie-pieczarkowym\/","title":{"rendered":"Karp lub to\u0142pyga w sosie pieczarkowym"},"content":{"rendered":"<p><em>80 dag filet\u00f3w z to\u0142pygi, s\u00f3l, pieprz, sok cytrynowy 2 \u0142y\u017cki mas\u0142a.<br \/>\nNa sos: 15 dag pieczarek, \u0142y\u017cka mas\u0142a, szklanka \u015bmietany, s\u00f3l, pieprz. <\/em><\/p>\n<p>1. Filety z to\u0142pygi pokroi\u0107 na porcje, umy\u0107, osuszy\u0107 papierowym kuchennym r\u0119cznikiem, posypa\u0107 sol\u0105. U\u0142o\u017cy\u0107 na posmarowanym mas\u0142em \u017caroodpornym p\u00f3\u0142misku. Posmarowa\u0107 ryb\u0119 z wierzchu mas\u0142em. Nakry\u0107 arkusikiem aluminiowej folii i zapieka\u0107 30 minut, kilkakrotnie polewa\u0107 wytwarzaj\u0105cym si\u0119 sosem.<br \/>\n2. Pieczarki drobno pokroi\u0107 i podsma\u017cy\u0107 na \u0142y\u017cce mas\u0142a, doda\u0107 do \u015bmietany i wymiesza\u0107, doda\u0107 s\u00f3l i pieprz. Sosem pola\u0107 upieczon\u0105 ryb\u0119 i jeszcze wstawi\u0107 do nagrzanego piekarnika. Zapieka\u0107 20 minut a\u017c \u015bmietana si\u0119 zrumieni. <\/p>\n","protected":false},"excerpt":{"rendered":"<p>80 dag filet\u00f3w z to\u0142pygi, s\u00f3l, pieprz, sok cytrynowy 2 \u0142y\u017cki mas\u0142a. Na sos: 15 dag pieczarek, \u0142y\u017cka mas\u0142a, szklanka \u015bmietany, s\u00f3l, pieprz. 1. Filety z to\u0142pygi pokroi\u0107 na porcje, umy\u0107, osuszy\u0107 papierowym kuchennym r\u0119cznikiem, posypa\u0107 sol\u0105. U\u0142o\u017cy\u0107 na posmarowanym mas\u0142em \u017caroodpornym p\u00f3\u0142misku. Posmarowa\u0107 ryb\u0119 z wierzchu mas\u0142em. Nakry\u0107 arkusikiem aluminiowej folii i zapieka\u0107 30 [&hellip;]<\/p>\n","protected":false},"author":2,"featured_media":0,"comment_status":"open","ping_status":"open","sticky":false,"template":"","format":"standard","meta":{"footnotes":""},"categories":[1],"tags":[],"_links":{"self":[{"href":"https:\/\/blog.polityka.pl\/adamczewski\/wp-json\/wp\/v2\/posts\/10574"}],"collection":[{"href":"https:\/\/blog.polityka.pl\/adamczewski\/wp-json\/wp\/v2\/posts"}],"about":[{"href":"https:\/\/blog.polityka.pl\/adamczewski\/wp-json\/wp\/v2\/types\/post"}],"author":[{"embeddable":true,"href":"https:\/\/blog.polityka.pl\/adamczewski\/wp-json\/wp\/v2\/users\/2"}],"replies":[{"embeddable":true,"href":"https:\/\/blog.polityka.pl\/adamczewski\/wp-json\/wp\/v2\/comments?post=10574"}],"version-history":[{"count":0,"href":"https:\/\/blog.polityka.pl\/adamczewski\/wp-json\/wp\/v2\/posts\/10574\/revisions"}],"wp:attachment":[{"href":"https:\/\/blog.polityka.pl\/adamczewski\/wp-json\/wp\/v2\/media?parent=10574"}],"wp:term":[{"taxonomy":"category","embeddable":true,"href":"https:\/\/blog.polityka.pl\/adamczewski\/wp-json\/wp\/v2\/categories?post=10574"},{"taxonomy":"post_tag","embeddable":true,"href":"https:\/\/blog.polityka.pl\/adamczewski\/wp-json\/wp\/v2\/tags?post=10574"}],"curies":[{"name":"wp","href":"https:\/\/api.w.org\/{rel}","templated":true}]}}