
{"id":10575,"date":"2010-05-28T06:09:45","date_gmt":"2010-05-28T05:09:45","guid":{"rendered":"http:\/\/adamczewscy.pl\/?p=2868"},"modified":"2010-05-28T06:09:45","modified_gmt":"2010-05-28T05:09:45","slug":"gulasz-curry-z-kurczaka","status":"publish","type":"post","link":"https:\/\/blog.polityka.pl\/adamczewski\/2010\/05\/28\/gulasz-curry-z-kurczaka\/","title":{"rendered":"Gulasz curry z kurczaka"},"content":{"rendered":"<p><em>Podw\u00f3jna pier\u015b z kurczaka, 30 dag pieczarek, 3 \u0142y\u017cki oliwy z oliwek,  szklanka startego \u017c\u00f3\u0142tego sera, 2 z\u0105bki czosnku, kostka roso\u0142u ciel\u0119cego, str\u0105k czerwonej papryki, 3 \u0142y\u017cki koncentratu pomidorowego, p\u00f3\u0142 szklanki jogurtu naturalnego i \u0142y\u017ceczka m\u0105ki, 2 \u0142y\u017cki  cukru (lub wi\u0119cej wed\u0142ug smaku), \u0142y\u017ceczka przyprawy curry, spora szczypta suszonego oregano lub \u0142y\u017cka posiekanego \u015bwie\u017cego, szczypta suszonej lub \u0142y\u017cka posiekanej \u015bwie\u017cej bazylii, pieprz, s\u00f3l, \u0142y\u017ceczka s\u0142odkiej mielonej papryki <\/em><\/p>\n<p>1. Filety z kurczaka pokroi\u0107 w kostk\u0119 o boku 3 &#8211; 4 centymetry, obsma\u017cy\u0107 na oleju. Prze\u0142o\u017cy\u0107 do garnka. Posypa\u0107 curry oraz lekko posoli\u0107.<br \/>\n2. Pokroi\u0107 w kostk\u0119 str\u0105k czerwonej papryki, pieczarki w plasterki i w\u0142o\u017cy\u0107 do garnka z mi\u0119sem.<br \/>\n3. W 3 szklankach wody rozpu\u015bci\u0107 kostk\u0119 roso\u0142u ciel\u0119cego, wla\u0107 do garnka z mi\u0119sem. Gotowa\u0107 15 minut.<br \/>\n4. Do podgotowanego mi\u0119sa doda\u0107 bazyli\u0119, oregano, mielon\u0105 czerwon\u0105 papryk\u0119, koncentrat pomidorowy, cukier i gotowa\u0107 10 &#8211; 15 minut.<br \/>\n5. Wymiesza\u0107 jogurt z m\u0105k\u0105 i doda\u0107  do potrawy, raz zgotowa\u0107.<br \/>\n6. Potraw\u0119 posypa\u0107 tartym serem i podawa\u0107 z ry\u017cem lub \u015bwie\u017c\u0105 bu\u0142k\u0105. <\/p>\n","protected":false},"excerpt":{"rendered":"<p>Podw\u00f3jna pier\u015b z kurczaka, 30 dag pieczarek, 3 \u0142y\u017cki oliwy z oliwek, szklanka startego \u017c\u00f3\u0142tego sera, 2 z\u0105bki czosnku, kostka roso\u0142u ciel\u0119cego, str\u0105k czerwonej papryki, 3 \u0142y\u017cki koncentratu pomidorowego, p\u00f3\u0142 szklanki jogurtu naturalnego i \u0142y\u017ceczka m\u0105ki, 2 \u0142y\u017cki cukru (lub wi\u0119cej wed\u0142ug smaku), \u0142y\u017ceczka przyprawy curry, spora szczypta suszonego oregano lub \u0142y\u017cka posiekanego \u015bwie\u017cego, szczypta [&hellip;]<\/p>\n","protected":false},"author":2,"featured_media":0,"comment_status":"open","ping_status":"open","sticky":false,"template":"","format":"standard","meta":{"footnotes":""},"categories":[1],"tags":[],"_links":{"self":[{"href":"https:\/\/blog.polityka.pl\/adamczewski\/wp-json\/wp\/v2\/posts\/10575"}],"collection":[{"href":"https:\/\/blog.polityka.pl\/adamczewski\/wp-json\/wp\/v2\/posts"}],"about":[{"href":"https:\/\/blog.polityka.pl\/adamczewski\/wp-json\/wp\/v2\/types\/post"}],"author":[{"embeddable":true,"href":"https:\/\/blog.polityka.pl\/adamczewski\/wp-json\/wp\/v2\/users\/2"}],"replies":[{"embeddable":true,"href":"https:\/\/blog.polityka.pl\/adamczewski\/wp-json\/wp\/v2\/comments?post=10575"}],"version-history":[{"count":0,"href":"https:\/\/blog.polityka.pl\/adamczewski\/wp-json\/wp\/v2\/posts\/10575\/revisions"}],"wp:attachment":[{"href":"https:\/\/blog.polityka.pl\/adamczewski\/wp-json\/wp\/v2\/media?parent=10575"}],"wp:term":[{"taxonomy":"category","embeddable":true,"href":"https:\/\/blog.polityka.pl\/adamczewski\/wp-json\/wp\/v2\/categories?post=10575"},{"taxonomy":"post_tag","embeddable":true,"href":"https:\/\/blog.polityka.pl\/adamczewski\/wp-json\/wp\/v2\/tags?post=10575"}],"curies":[{"name":"wp","href":"https:\/\/api.w.org\/{rel}","templated":true}]}}