
{"id":10576,"date":"2010-05-28T06:10:29","date_gmt":"2010-05-28T05:10:29","guid":{"rendered":"http:\/\/adamczewscy.pl\/?p=2869"},"modified":"2010-05-28T06:10:29","modified_gmt":"2010-05-28T05:10:29","slug":"prosta-zupa-z-soczewicy","status":"publish","type":"post","link":"https:\/\/blog.polityka.pl\/adamczewski\/2010\/05\/28\/prosta-zupa-z-soczewicy\/","title":{"rendered":"Prosta zupa z soczewicy"},"content":{"rendered":"<p><em>2 szklanki czerwonej soczewicy, s\u00f3l, sok cytrynowy do smaku, z\u0105bek czosnku, do smaku cukier, kopiasta \u0142y\u017cka mas\u0142a, \u015bwie\u017co mielony czarny pieprz. <\/em><\/p>\n<p>1. Soczewic\u0119 umy\u0107, prze\u0142o\u017cy\u0107 do garnka, zala\u0107 6 szklankami wody i gotowa\u0107 ok. 30minut.<br \/>\n2. Mi\u0119kk\u0105 soczewic\u0119 zmiksowa\u0107 wraz z wywarem, przecedzi\u0107 przez durszlak, aby usun\u0105\u0107 ewentualne nierozdrobnione cz\u0105steczki.<br \/>\n3. Zmiksowan\u0105 zup\u0119 doprawi\u0107 sol\u0105, pieprzem, sokiem z cytryny, cukrem. Wrzuci\u0107 przekrojony na p\u00f3\u0142 z\u0105bek czosnku.<br \/>\n4. Po doprawieniu gotowa\u0107 zup\u0119, a\u017c nieco zg\u0119stnieje (oko\u0142o 10 minut), doda\u0107 \u015bwie\u017ce mas\u0142o, wymiesza\u0107 i podawa\u0107. <\/p>\n","protected":false},"excerpt":{"rendered":"<p>2 szklanki czerwonej soczewicy, s\u00f3l, sok cytrynowy do smaku, z\u0105bek czosnku, do smaku cukier, kopiasta \u0142y\u017cka mas\u0142a, \u015bwie\u017co mielony czarny pieprz. 1. Soczewic\u0119 umy\u0107, prze\u0142o\u017cy\u0107 do garnka, zala\u0107 6 szklankami wody i gotowa\u0107 ok. 30minut. 2. Mi\u0119kk\u0105 soczewic\u0119 zmiksowa\u0107 wraz z wywarem, przecedzi\u0107 przez durszlak, aby usun\u0105\u0107 ewentualne nierozdrobnione cz\u0105steczki. 3. Zmiksowan\u0105 zup\u0119 doprawi\u0107 sol\u0105, [&hellip;]<\/p>\n","protected":false},"author":2,"featured_media":0,"comment_status":"open","ping_status":"open","sticky":false,"template":"","format":"standard","meta":{"footnotes":""},"categories":[1],"tags":[],"_links":{"self":[{"href":"https:\/\/blog.polityka.pl\/adamczewski\/wp-json\/wp\/v2\/posts\/10576"}],"collection":[{"href":"https:\/\/blog.polityka.pl\/adamczewski\/wp-json\/wp\/v2\/posts"}],"about":[{"href":"https:\/\/blog.polityka.pl\/adamczewski\/wp-json\/wp\/v2\/types\/post"}],"author":[{"embeddable":true,"href":"https:\/\/blog.polityka.pl\/adamczewski\/wp-json\/wp\/v2\/users\/2"}],"replies":[{"embeddable":true,"href":"https:\/\/blog.polityka.pl\/adamczewski\/wp-json\/wp\/v2\/comments?post=10576"}],"version-history":[{"count":0,"href":"https:\/\/blog.polityka.pl\/adamczewski\/wp-json\/wp\/v2\/posts\/10576\/revisions"}],"wp:attachment":[{"href":"https:\/\/blog.polityka.pl\/adamczewski\/wp-json\/wp\/v2\/media?parent=10576"}],"wp:term":[{"taxonomy":"category","embeddable":true,"href":"https:\/\/blog.polityka.pl\/adamczewski\/wp-json\/wp\/v2\/categories?post=10576"},{"taxonomy":"post_tag","embeddable":true,"href":"https:\/\/blog.polityka.pl\/adamczewski\/wp-json\/wp\/v2\/tags?post=10576"}],"curies":[{"name":"wp","href":"https:\/\/api.w.org\/{rel}","templated":true}]}}