
{"id":10577,"date":"2010-05-28T06:10:56","date_gmt":"2010-05-28T05:10:56","guid":{"rendered":"http:\/\/adamczewscy.pl\/?p=2870"},"modified":"2010-05-28T06:10:56","modified_gmt":"2010-05-28T05:10:56","slug":"rurki-makaronowe-z-pieczarkami-lub-boczniakami","status":"publish","type":"post","link":"https:\/\/blog.polityka.pl\/adamczewski\/2010\/05\/28\/rurki-makaronowe-z-pieczarkami-lub-boczniakami\/","title":{"rendered":"Rurki makaronowe z pieczarkami (lub boczniakami)"},"content":{"rendered":"<p>40 dag makaronu rurki, 2 \u0142y\u017cki mas\u0142a<br \/>\n<em>Na sos: 60 dag pieczarek lub boczniak\u00f3w, 15 plasterk\u00f3w (grubo\u015bci 1 mm) korzenia imbiru, 3 dymki lub cebula, 2 \u0142y\u017cki oliwy z oliwek, 3\/4 szklanki bulionu warzywnego z kostki, p\u00f3\u0142 szklanki \u015bmietany 30 proc., 4 \u0142y\u017cki posiekanych orzech\u00f3w w\u0142oskich, s\u00f3l, bia\u0142y, \u015bwie\u017co mielony pieprz. <\/em><\/p>\n<p>1. Rozgrza\u0107 w garnku niezbyt silnie oliw\u0119, podsma\u017cy\u0107 na niej pokrojone w plasterki pieczarki lub boczniaki i pokrojony imbir oraz posiekane dymki lub cebul\u0119.<br \/>\n2. Zala\u0107 podsma\u017cone pieczarki \u015bmietan\u0105, bulionem, doda\u0107 s\u00f3l i pieprz, gotowa\u0107 5 &#8211; 6 minut.<br \/>\n3. Doda\u0107 do sosu ugotowany w du\u017cej ilo\u015bci wody makaron, wymiesza\u0107, podaj\u0105c posypa\u0107 potraw\u0119 po wierzchu siekanymi orzechami. <\/p>\n","protected":false},"excerpt":{"rendered":"<p>40 dag makaronu rurki, 2 \u0142y\u017cki mas\u0142a Na sos: 60 dag pieczarek lub boczniak\u00f3w, 15 plasterk\u00f3w (grubo\u015bci 1 mm) korzenia imbiru, 3 dymki lub cebula, 2 \u0142y\u017cki oliwy z oliwek, 3\/4 szklanki bulionu warzywnego z kostki, p\u00f3\u0142 szklanki \u015bmietany 30 proc., 4 \u0142y\u017cki posiekanych orzech\u00f3w w\u0142oskich, s\u00f3l, bia\u0142y, \u015bwie\u017co mielony pieprz. 1. Rozgrza\u0107 w garnku [&hellip;]<\/p>\n","protected":false},"author":2,"featured_media":0,"comment_status":"open","ping_status":"open","sticky":false,"template":"","format":"standard","meta":{"footnotes":""},"categories":[1],"tags":[],"_links":{"self":[{"href":"https:\/\/blog.polityka.pl\/adamczewski\/wp-json\/wp\/v2\/posts\/10577"}],"collection":[{"href":"https:\/\/blog.polityka.pl\/adamczewski\/wp-json\/wp\/v2\/posts"}],"about":[{"href":"https:\/\/blog.polityka.pl\/adamczewski\/wp-json\/wp\/v2\/types\/post"}],"author":[{"embeddable":true,"href":"https:\/\/blog.polityka.pl\/adamczewski\/wp-json\/wp\/v2\/users\/2"}],"replies":[{"embeddable":true,"href":"https:\/\/blog.polityka.pl\/adamczewski\/wp-json\/wp\/v2\/comments?post=10577"}],"version-history":[{"count":0,"href":"https:\/\/blog.polityka.pl\/adamczewski\/wp-json\/wp\/v2\/posts\/10577\/revisions"}],"wp:attachment":[{"href":"https:\/\/blog.polityka.pl\/adamczewski\/wp-json\/wp\/v2\/media?parent=10577"}],"wp:term":[{"taxonomy":"category","embeddable":true,"href":"https:\/\/blog.polityka.pl\/adamczewski\/wp-json\/wp\/v2\/categories?post=10577"},{"taxonomy":"post_tag","embeddable":true,"href":"https:\/\/blog.polityka.pl\/adamczewski\/wp-json\/wp\/v2\/tags?post=10577"}],"curies":[{"name":"wp","href":"https:\/\/api.w.org\/{rel}","templated":true}]}}