
{"id":10578,"date":"2010-05-28T06:11:25","date_gmt":"2010-05-28T05:11:25","guid":{"rendered":"http:\/\/adamczewscy.pl\/?p=2871"},"modified":"2010-05-28T06:11:25","modified_gmt":"2010-05-28T05:11:25","slug":"zeberka-z-ananasem","status":"publish","type":"post","link":"https:\/\/blog.polityka.pl\/adamczewski\/2010\/05\/28\/zeberka-z-ananasem\/","title":{"rendered":"\u017beberka z ananasem"},"content":{"rendered":"<p><em>80 dag chudych wieprzowych \u017ceberek, puszka krojonego w kostk\u0119 ananasa, 2 cebule, \u0107wier\u0107 szklanki sosu sojowego, 2 cienkie marchwie, \u0107wier\u0107 szklanki oleju lub oliwy z oliwek<\/em><\/p>\n<p>1. Mi\u0119so umy\u0107, osuszy\u0107, pokroi\u0107 na kawa\u0142ki po dwa \u017ceberka. Lekko posoli\u0107.<br \/>\n2. Rozgrza\u0107 na patelni olej lub oliw\u0119 i obsma\u017cy\u0107 kawa\u0142ki mi\u0119sa z obu stron. Prze\u0142o\u017cy\u0107 do garnka.<br \/>\n3. Na pozosta\u0142ym na patelni t\u0142uszczu podsma\u017cy\u0107 pokrojon\u0105 w kostk\u0119 cebul\u0119 i doda\u0107 do \u017ceberek w garnku.<br \/>\n4. Do garnka wla\u0107 zalew\u0119 z puszki ananas\u00f3w i sos sojowy. Dusi\u0107 30 minut.<br \/>\n5, Marchew obra\u0107 i pokroi\u0107 w cienkie plasterki, doda\u0107 do mi\u0119sa wraz z kostkami ananasa. Dusi\u0107 razem kolejne 30 minut.<br \/>\nPodawa\u0107 z dodatkiem ry\u017cu wymieszanego z zielonym groszkiem z puszki. <\/p>\n","protected":false},"excerpt":{"rendered":"<p>80 dag chudych wieprzowych \u017ceberek, puszka krojonego w kostk\u0119 ananasa, 2 cebule, \u0107wier\u0107 szklanki sosu sojowego, 2 cienkie marchwie, \u0107wier\u0107 szklanki oleju lub oliwy z oliwek 1. Mi\u0119so umy\u0107, osuszy\u0107, pokroi\u0107 na kawa\u0142ki po dwa \u017ceberka. Lekko posoli\u0107. 2. Rozgrza\u0107 na patelni olej lub oliw\u0119 i obsma\u017cy\u0107 kawa\u0142ki mi\u0119sa z obu stron. Prze\u0142o\u017cy\u0107 do garnka. [&hellip;]<\/p>\n","protected":false},"author":2,"featured_media":0,"comment_status":"open","ping_status":"open","sticky":false,"template":"","format":"standard","meta":{"footnotes":""},"categories":[1],"tags":[],"_links":{"self":[{"href":"https:\/\/blog.polityka.pl\/adamczewski\/wp-json\/wp\/v2\/posts\/10578"}],"collection":[{"href":"https:\/\/blog.polityka.pl\/adamczewski\/wp-json\/wp\/v2\/posts"}],"about":[{"href":"https:\/\/blog.polityka.pl\/adamczewski\/wp-json\/wp\/v2\/types\/post"}],"author":[{"embeddable":true,"href":"https:\/\/blog.polityka.pl\/adamczewski\/wp-json\/wp\/v2\/users\/2"}],"replies":[{"embeddable":true,"href":"https:\/\/blog.polityka.pl\/adamczewski\/wp-json\/wp\/v2\/comments?post=10578"}],"version-history":[{"count":0,"href":"https:\/\/blog.polityka.pl\/adamczewski\/wp-json\/wp\/v2\/posts\/10578\/revisions"}],"wp:attachment":[{"href":"https:\/\/blog.polityka.pl\/adamczewski\/wp-json\/wp\/v2\/media?parent=10578"}],"wp:term":[{"taxonomy":"category","embeddable":true,"href":"https:\/\/blog.polityka.pl\/adamczewski\/wp-json\/wp\/v2\/categories?post=10578"},{"taxonomy":"post_tag","embeddable":true,"href":"https:\/\/blog.polityka.pl\/adamczewski\/wp-json\/wp\/v2\/tags?post=10578"}],"curies":[{"name":"wp","href":"https:\/\/api.w.org\/{rel}","templated":true}]}}