
{"id":10579,"date":"2010-05-28T06:11:57","date_gmt":"2010-05-28T05:11:57","guid":{"rendered":"http:\/\/adamczewscy.pl\/?p=2872"},"modified":"2010-05-28T06:11:57","modified_gmt":"2010-05-28T05:11:57","slug":"tagliatelle-ze-szpinakiem","status":"publish","type":"post","link":"https:\/\/blog.polityka.pl\/adamczewski\/2010\/05\/28\/tagliatelle-ze-szpinakiem\/","title":{"rendered":"Tagliatelle ze szpinakiem"},"content":{"rendered":"<p><em>40 dag makaronu tagliatelle, 50 dag mro\u017conego szpinaku (lub 70 dag \u015bwie\u017cego, kt\u00f3ry nale\u017cy oczy\u015bci\u0107, obgotowa\u0107 i posieka\u0107) , 25 dag fety, ma\u0142a kulka mozzarelli,  2 &#8211; 3 jaja ugotowane na twardo, 2 \u0142y\u017cki \u015bmietany 18-proc. oraz \u0142y\u017ceczka m\u0105ki, 2 z\u0105bki czosnku, \u0142y\u017ceczka m\u0105ki, s\u00f3l, pieprz.<\/em> <\/p>\n<p>1. Rozmro\u017cony szpinak (lub ugotowany i posiekany \u015bwie\u017cy) dusi\u0107 na wolnym ogniu i doda\u0107 przeci\u015bni\u0119ty przez prask\u0119 czosnek, s\u00f3l, pieprz.<br \/>\n2. \u015amietan\u0119 wymiesza\u0107 z m\u0105k\u0105, doda\u0107 do szpinaku, wymiesza\u0107, dusi\u0107 jeszcze 3 minuty.<br \/>\n3. Fet\u0119 pokroi\u0107 w drobn\u0105 kostk\u0119 i doda\u0107 do szpinaku, dusi\u0107 minut\u0119.<br \/>\n4. Ugotowa\u0107 makaron, odcedzi\u0107, w\u0142o\u017cy\u0107 do garnka ze szpinakiem, wymiesza\u0107, prze\u0142o\u017cy\u0107 na du\u017c\u0105 misk\u0119 lub podawa\u0107 w tym samym garnku przybrane pokrojonymi w plasterki jajkami na twardo i pokrojon\u0105 w plasterki mozzarell\u0105. <\/p>\n","protected":false},"excerpt":{"rendered":"<p>40 dag makaronu tagliatelle, 50 dag mro\u017conego szpinaku (lub 70 dag \u015bwie\u017cego, kt\u00f3ry nale\u017cy oczy\u015bci\u0107, obgotowa\u0107 i posieka\u0107) , 25 dag fety, ma\u0142a kulka mozzarelli, 2 &#8211; 3 jaja ugotowane na twardo, 2 \u0142y\u017cki \u015bmietany 18-proc. oraz \u0142y\u017ceczka m\u0105ki, 2 z\u0105bki czosnku, \u0142y\u017ceczka m\u0105ki, s\u00f3l, pieprz. 1. Rozmro\u017cony szpinak (lub ugotowany i posiekany \u015bwie\u017cy) dusi\u0107 [&hellip;]<\/p>\n","protected":false},"author":2,"featured_media":0,"comment_status":"open","ping_status":"open","sticky":false,"template":"","format":"standard","meta":{"footnotes":""},"categories":[1],"tags":[],"_links":{"self":[{"href":"https:\/\/blog.polityka.pl\/adamczewski\/wp-json\/wp\/v2\/posts\/10579"}],"collection":[{"href":"https:\/\/blog.polityka.pl\/adamczewski\/wp-json\/wp\/v2\/posts"}],"about":[{"href":"https:\/\/blog.polityka.pl\/adamczewski\/wp-json\/wp\/v2\/types\/post"}],"author":[{"embeddable":true,"href":"https:\/\/blog.polityka.pl\/adamczewski\/wp-json\/wp\/v2\/users\/2"}],"replies":[{"embeddable":true,"href":"https:\/\/blog.polityka.pl\/adamczewski\/wp-json\/wp\/v2\/comments?post=10579"}],"version-history":[{"count":0,"href":"https:\/\/blog.polityka.pl\/adamczewski\/wp-json\/wp\/v2\/posts\/10579\/revisions"}],"wp:attachment":[{"href":"https:\/\/blog.polityka.pl\/adamczewski\/wp-json\/wp\/v2\/media?parent=10579"}],"wp:term":[{"taxonomy":"category","embeddable":true,"href":"https:\/\/blog.polityka.pl\/adamczewski\/wp-json\/wp\/v2\/categories?post=10579"},{"taxonomy":"post_tag","embeddable":true,"href":"https:\/\/blog.polityka.pl\/adamczewski\/wp-json\/wp\/v2\/tags?post=10579"}],"curies":[{"name":"wp","href":"https:\/\/api.w.org\/{rel}","templated":true}]}}