
{"id":10580,"date":"2010-06-04T06:52:00","date_gmt":"2010-06-04T05:52:00","guid":{"rendered":"http:\/\/adamczewscy.pl\/?p=2874"},"modified":"2010-06-04T06:52:00","modified_gmt":"2010-06-04T05:52:00","slug":"szybkie-ciasto-z-rabarbarem","status":"publish","type":"post","link":"https:\/\/blog.polityka.pl\/adamczewski\/2010\/06\/04\/szybkie-ciasto-z-rabarbarem\/","title":{"rendered":"Szybkie ciasto z rabarbarem"},"content":{"rendered":"<p><em>2 szklanki m\u0105ki, p\u00f3\u0142torej szklanki cukru, p\u00f3\u0142 szklanki mleka, kostka mas\u0142a, 2 \u0142y\u017ceczki proszku do pieczenia, 4 jaja, 70 dag pi\u0119knego czerwonego rabarbaru, cukier puder do posypania ciasta. <\/em><\/p>\n<p>1. Zagotowa\u0107 mleko, cukier i mas\u0142o, ostudzi\u0107. Doda\u0107 m\u0105k\u0119 wymieszan\u0105 z proszkiem do pieczenia i jajka, dok\u0142adnie wymiesza\u0107 przy pomocy miksera.<br \/>\n2. Rabarbar pokroi\u0107 na drobne kawa\u0142ki i przela\u0107  na durszlaku wrz\u0105tkiem, os\u0105czy\u0107.<br \/>\n3. Na wy\u0142o\u017con\u0105 papierem do wypiek\u00f3w blaszk\u0119 (mniej wi\u0119cej 20 x 30 cm) wyla\u0107 ciasto, pouk\u0142ada\u0107 na wierzchu kawa\u0142ki rabarbaru i piec w temperaturze 180 st C mniej wi\u0119cej 45 minut.<br \/>\nPo wyj\u0119ciu ciasta z piekarnika obficie posypa\u0107 je cukrem pudrem. <\/p>\n","protected":false},"excerpt":{"rendered":"<p>2 szklanki m\u0105ki, p\u00f3\u0142torej szklanki cukru, p\u00f3\u0142 szklanki mleka, kostka mas\u0142a, 2 \u0142y\u017ceczki proszku do pieczenia, 4 jaja, 70 dag pi\u0119knego czerwonego rabarbaru, cukier puder do posypania ciasta. 1. Zagotowa\u0107 mleko, cukier i mas\u0142o, ostudzi\u0107. Doda\u0107 m\u0105k\u0119 wymieszan\u0105 z proszkiem do pieczenia i jajka, dok\u0142adnie wymiesza\u0107 przy pomocy miksera. 2. Rabarbar pokroi\u0107 na drobne kawa\u0142ki [&hellip;]<\/p>\n","protected":false},"author":2,"featured_media":0,"comment_status":"open","ping_status":"open","sticky":false,"template":"","format":"standard","meta":{"footnotes":""},"categories":[1],"tags":[],"_links":{"self":[{"href":"https:\/\/blog.polityka.pl\/adamczewski\/wp-json\/wp\/v2\/posts\/10580"}],"collection":[{"href":"https:\/\/blog.polityka.pl\/adamczewski\/wp-json\/wp\/v2\/posts"}],"about":[{"href":"https:\/\/blog.polityka.pl\/adamczewski\/wp-json\/wp\/v2\/types\/post"}],"author":[{"embeddable":true,"href":"https:\/\/blog.polityka.pl\/adamczewski\/wp-json\/wp\/v2\/users\/2"}],"replies":[{"embeddable":true,"href":"https:\/\/blog.polityka.pl\/adamczewski\/wp-json\/wp\/v2\/comments?post=10580"}],"version-history":[{"count":0,"href":"https:\/\/blog.polityka.pl\/adamczewski\/wp-json\/wp\/v2\/posts\/10580\/revisions"}],"wp:attachment":[{"href":"https:\/\/blog.polityka.pl\/adamczewski\/wp-json\/wp\/v2\/media?parent=10580"}],"wp:term":[{"taxonomy":"category","embeddable":true,"href":"https:\/\/blog.polityka.pl\/adamczewski\/wp-json\/wp\/v2\/categories?post=10580"},{"taxonomy":"post_tag","embeddable":true,"href":"https:\/\/blog.polityka.pl\/adamczewski\/wp-json\/wp\/v2\/tags?post=10580"}],"curies":[{"name":"wp","href":"https:\/\/api.w.org\/{rel}","templated":true}]}}