
{"id":10581,"date":"2010-06-04T06:52:46","date_gmt":"2010-06-04T05:52:46","guid":{"rendered":"http:\/\/adamczewscy.pl\/?p=2875"},"modified":"2010-06-04T06:52:46","modified_gmt":"2010-06-04T05:52:46","slug":"szybka-potrawa-z-parowkami","status":"publish","type":"post","link":"https:\/\/blog.polityka.pl\/adamczewski\/2010\/06\/04\/szybka-potrawa-z-parowkami\/","title":{"rendered":"Szybka potrawa z par\u00f3wkami"},"content":{"rendered":"<p><em>6 du\u017cych ziemniak\u00f3w, 6 szklanek bulionu drobiowego z kostki, 12 ciel\u0119cych par\u00f3wek lub cienkich kie\u0142basek (frankfurterek), po jednym str\u0105ku czerwonej, zielonej i \u017c\u00f3\u0142tej papryki, p\u0119czek dymki, 2 z\u0105bki czosnku, niedu\u017ca cukinia, \u0142y\u017ceczka mielonej czerwonej s\u0142odkiej papryki, p\u00f3\u0142 szklanki oleju, s\u00f3l, pieprz, 2 \u0142y\u017cki siekanej zielonej pietruszki. <\/em><\/p>\n<p>1. Ziemniaki obra\u0107 i pokroi\u0107 w kostk\u0119 wielko\u015bci \u0107wierci pude\u0142ka zapa\u0142ek, wrzuci\u0107 do wrz\u0105cego bulionu i gotowa\u0107 10 minut.<br \/>\n2. Rozgrza\u0107 olej, doda\u0107 posiekan\u0105 dymk\u0119 i przeci\u015bni\u0119ty przez prask\u0119 czosnek oraz obrane z os\u0142onek i pokrojone par\u00f3wki oraz pokrojone w paski, oczyszczone papryki. Sma\u017cy\u0107 mieszaj\u0105c oko\u0142o 10 minut. W tym czasie doda\u0107 cukini\u0119 pokrojon\u0105 w du\u017c\u0105 kostk\u0119.<br \/>\n3. Usma\u017cone par\u00f3wki i cukini\u0119 doda\u0107 do ugotowanych w bulionie ziemniak\u00f3w i gotowa\u0107 dalej oko\u0142o 15 minut, przyprawi\u0107 do smaku sol\u0105 i pieprzem. Gotow\u0105 potraw\u0119 posypa\u0107 siekan\u0105 zielon\u0105 pietruszk\u0105. <\/p>\n","protected":false},"excerpt":{"rendered":"<p>6 du\u017cych ziemniak\u00f3w, 6 szklanek bulionu drobiowego z kostki, 12 ciel\u0119cych par\u00f3wek lub cienkich kie\u0142basek (frankfurterek), po jednym str\u0105ku czerwonej, zielonej i \u017c\u00f3\u0142tej papryki, p\u0119czek dymki, 2 z\u0105bki czosnku, niedu\u017ca cukinia, \u0142y\u017ceczka mielonej czerwonej s\u0142odkiej papryki, p\u00f3\u0142 szklanki oleju, s\u00f3l, pieprz, 2 \u0142y\u017cki siekanej zielonej pietruszki. 1. Ziemniaki obra\u0107 i pokroi\u0107 w kostk\u0119 wielko\u015bci \u0107wierci [&hellip;]<\/p>\n","protected":false},"author":2,"featured_media":0,"comment_status":"open","ping_status":"open","sticky":false,"template":"","format":"standard","meta":{"footnotes":""},"categories":[1],"tags":[],"_links":{"self":[{"href":"https:\/\/blog.polityka.pl\/adamczewski\/wp-json\/wp\/v2\/posts\/10581"}],"collection":[{"href":"https:\/\/blog.polityka.pl\/adamczewski\/wp-json\/wp\/v2\/posts"}],"about":[{"href":"https:\/\/blog.polityka.pl\/adamczewski\/wp-json\/wp\/v2\/types\/post"}],"author":[{"embeddable":true,"href":"https:\/\/blog.polityka.pl\/adamczewski\/wp-json\/wp\/v2\/users\/2"}],"replies":[{"embeddable":true,"href":"https:\/\/blog.polityka.pl\/adamczewski\/wp-json\/wp\/v2\/comments?post=10581"}],"version-history":[{"count":0,"href":"https:\/\/blog.polityka.pl\/adamczewski\/wp-json\/wp\/v2\/posts\/10581\/revisions"}],"wp:attachment":[{"href":"https:\/\/blog.polityka.pl\/adamczewski\/wp-json\/wp\/v2\/media?parent=10581"}],"wp:term":[{"taxonomy":"category","embeddable":true,"href":"https:\/\/blog.polityka.pl\/adamczewski\/wp-json\/wp\/v2\/categories?post=10581"},{"taxonomy":"post_tag","embeddable":true,"href":"https:\/\/blog.polityka.pl\/adamczewski\/wp-json\/wp\/v2\/tags?post=10581"}],"curies":[{"name":"wp","href":"https:\/\/api.w.org\/{rel}","templated":true}]}}