
{"id":10582,"date":"2010-06-04T06:53:13","date_gmt":"2010-06-04T05:53:13","guid":{"rendered":"http:\/\/adamczewscy.pl\/?p=2876"},"modified":"2010-06-04T06:53:13","modified_gmt":"2010-06-04T05:53:13","slug":"makaron-rurki-w-sosie-pieczarkowo-cukiniowym","status":"publish","type":"post","link":"https:\/\/blog.polityka.pl\/adamczewski\/2010\/06\/04\/makaron-rurki-w-sosie-pieczarkowo-cukiniowym\/","title":{"rendered":"Makaron rurki w sosie pieczarkowo &#8211; cukiniowym"},"content":{"rendered":"<p><em>Paczka makaronu rurki, \u015brednia cukinia, 50 dag pieczarek, ga\u0142\u0105zka \u015bwie\u017cego rozmarynu, 3 \u0142y\u017cki mas\u0142a, s\u00f3l, bia\u0142y pieprz, 2 \u0142y\u017cki oleju. <\/em><\/p>\n<p>1. Pokroi\u0107 pieczarki w plasterki, podsma\u017cy\u0107 na g\u0142\u0119bszej patelni na ma\u015ble.<br \/>\n2. Cukini\u0119, o ile jest m\u0142oda bez obierania,  pokroi\u0107 w drobn\u0105 kostk\u0119, doda\u0107 do podsma\u017conych pieczarek i razem dusi\u0107 na niewielkim ogniu oko\u0142o 2 &#8211; 3 minut, doprawi\u0107 pieprzem, sol\u0105 i siekanym rozmarynem.<br \/>\n3. Makaron ugotowa\u0107 w du\u017cej ilo\u015bci wody z dodatkiem soli i 2 \u0142y\u017cek oleju, odcedzi\u0107 i wrzuci\u0107 na patelni\u0119 z sosem, wymiesza\u0107 przy pomocy dw\u00f3ch widelc\u00f3w. Podawa\u0107 gor\u0105ce. <\/p>\n","protected":false},"excerpt":{"rendered":"<p>Paczka makaronu rurki, \u015brednia cukinia, 50 dag pieczarek, ga\u0142\u0105zka \u015bwie\u017cego rozmarynu, 3 \u0142y\u017cki mas\u0142a, s\u00f3l, bia\u0142y pieprz, 2 \u0142y\u017cki oleju. 1. Pokroi\u0107 pieczarki w plasterki, podsma\u017cy\u0107 na g\u0142\u0119bszej patelni na ma\u015ble. 2. Cukini\u0119, o ile jest m\u0142oda bez obierania, pokroi\u0107 w drobn\u0105 kostk\u0119, doda\u0107 do podsma\u017conych pieczarek i razem dusi\u0107 na niewielkim ogniu oko\u0142o 2 [&hellip;]<\/p>\n","protected":false},"author":2,"featured_media":0,"comment_status":"open","ping_status":"open","sticky":false,"template":"","format":"standard","meta":{"footnotes":""},"categories":[1],"tags":[],"_links":{"self":[{"href":"https:\/\/blog.polityka.pl\/adamczewski\/wp-json\/wp\/v2\/posts\/10582"}],"collection":[{"href":"https:\/\/blog.polityka.pl\/adamczewski\/wp-json\/wp\/v2\/posts"}],"about":[{"href":"https:\/\/blog.polityka.pl\/adamczewski\/wp-json\/wp\/v2\/types\/post"}],"author":[{"embeddable":true,"href":"https:\/\/blog.polityka.pl\/adamczewski\/wp-json\/wp\/v2\/users\/2"}],"replies":[{"embeddable":true,"href":"https:\/\/blog.polityka.pl\/adamczewski\/wp-json\/wp\/v2\/comments?post=10582"}],"version-history":[{"count":0,"href":"https:\/\/blog.polityka.pl\/adamczewski\/wp-json\/wp\/v2\/posts\/10582\/revisions"}],"wp:attachment":[{"href":"https:\/\/blog.polityka.pl\/adamczewski\/wp-json\/wp\/v2\/media?parent=10582"}],"wp:term":[{"taxonomy":"category","embeddable":true,"href":"https:\/\/blog.polityka.pl\/adamczewski\/wp-json\/wp\/v2\/categories?post=10582"},{"taxonomy":"post_tag","embeddable":true,"href":"https:\/\/blog.polityka.pl\/adamczewski\/wp-json\/wp\/v2\/tags?post=10582"}],"curies":[{"name":"wp","href":"https:\/\/api.w.org\/{rel}","templated":true}]}}