
{"id":10586,"date":"2010-06-04T06:55:29","date_gmt":"2010-06-04T05:55:29","guid":{"rendered":"http:\/\/adamczewscy.pl\/?p=2880"},"modified":"2010-06-04T06:55:29","modified_gmt":"2010-06-04T05:55:29","slug":"gulasz-rybny","status":"publish","type":"post","link":"https:\/\/blog.polityka.pl\/adamczewski\/2010\/06\/04\/gulasz-rybny\/","title":{"rendered":"Gulasz rybny"},"content":{"rendered":"<p><em>60 dag filet\u00f3w z dorsza lub mintaja, p\u0119czek dymki, \u0142y\u017cka mas\u0142a, \u0142y\u017cka m\u0105ki, szklanka \u015bmietany 18-proc., \u0142y\u017ceczka s\u0142odkiej czerwonej mielonej papryki, s\u00f3l, pieprz. Do posypania 2 \u0142y\u017cki posiekanej zielonej pietruszki<\/em><\/p>\n<p>1. Filety (najlepiej, aby by\u0142y bez sk\u00f3ry) pokroi\u0107 na kawa\u0142ki wielko\u015bci po\u0142owy pude\u0142ka zapa\u0142ek, rozmrozi\u0107.<br \/>\n2. Przygotowa\u0107 sos: dymki posieka\u0107, podsma\u017cy\u0107 na ma\u015ble. Kiedy cebula lekko si\u0119 zrumieni wsypa\u0107 m\u0105k\u0119, wymiesza\u0107 i chwil\u0119 sma\u017cy\u0107 razem. Kiedy zasma\u017cka si\u0119 spieni doda\u0107 \u015bmietan\u0119,  2 &#8211; 3 \u0142y\u017cki wody, papryk\u0119 oraz s\u00f3l i pieprz. Mieszaj\u0105c zagotowa\u0107.<br \/>\n3. Do sosu w\u0142o\u017cy\u0107 pokrojone filety i dusi\u0107 15 minut na ma\u0142ym ogniu.<br \/>\nPodawa\u0107 z ry\u017cem, kluskami lub ziemniakami z wody. <\/p>\n","protected":false},"excerpt":{"rendered":"<p>60 dag filet\u00f3w z dorsza lub mintaja, p\u0119czek dymki, \u0142y\u017cka mas\u0142a, \u0142y\u017cka m\u0105ki, szklanka \u015bmietany 18-proc., \u0142y\u017ceczka s\u0142odkiej czerwonej mielonej papryki, s\u00f3l, pieprz. Do posypania 2 \u0142y\u017cki posiekanej zielonej pietruszki 1. Filety (najlepiej, aby by\u0142y bez sk\u00f3ry) pokroi\u0107 na kawa\u0142ki wielko\u015bci po\u0142owy pude\u0142ka zapa\u0142ek, rozmrozi\u0107. 2. Przygotowa\u0107 sos: dymki posieka\u0107, podsma\u017cy\u0107 na ma\u015ble. Kiedy cebula [&hellip;]<\/p>\n","protected":false},"author":2,"featured_media":0,"comment_status":"open","ping_status":"open","sticky":false,"template":"","format":"standard","meta":{"footnotes":""},"categories":[1],"tags":[],"_links":{"self":[{"href":"https:\/\/blog.polityka.pl\/adamczewski\/wp-json\/wp\/v2\/posts\/10586"}],"collection":[{"href":"https:\/\/blog.polityka.pl\/adamczewski\/wp-json\/wp\/v2\/posts"}],"about":[{"href":"https:\/\/blog.polityka.pl\/adamczewski\/wp-json\/wp\/v2\/types\/post"}],"author":[{"embeddable":true,"href":"https:\/\/blog.polityka.pl\/adamczewski\/wp-json\/wp\/v2\/users\/2"}],"replies":[{"embeddable":true,"href":"https:\/\/blog.polityka.pl\/adamczewski\/wp-json\/wp\/v2\/comments?post=10586"}],"version-history":[{"count":0,"href":"https:\/\/blog.polityka.pl\/adamczewski\/wp-json\/wp\/v2\/posts\/10586\/revisions"}],"wp:attachment":[{"href":"https:\/\/blog.polityka.pl\/adamczewski\/wp-json\/wp\/v2\/media?parent=10586"}],"wp:term":[{"taxonomy":"category","embeddable":true,"href":"https:\/\/blog.polityka.pl\/adamczewski\/wp-json\/wp\/v2\/categories?post=10586"},{"taxonomy":"post_tag","embeddable":true,"href":"https:\/\/blog.polityka.pl\/adamczewski\/wp-json\/wp\/v2\/tags?post=10586"}],"curies":[{"name":"wp","href":"https:\/\/api.w.org\/{rel}","templated":true}]}}