
{"id":10587,"date":"2010-06-11T06:25:05","date_gmt":"2010-06-11T05:25:05","guid":{"rendered":"http:\/\/adamczewscy.pl\/?p=2883"},"modified":"2010-06-11T06:25:05","modified_gmt":"2010-06-11T05:25:05","slug":"szarlotka-z-rabarbarem-ekspresowa","status":"publish","type":"post","link":"https:\/\/blog.polityka.pl\/adamczewski\/2010\/06\/11\/szarlotka-z-rabarbarem-ekspresowa\/","title":{"rendered":"Szarlotka z rabarbarem ekspresowa"},"content":{"rendered":"<p><em>Na ciasto: kostka mas\u0142a, p\u00f3\u0142torej szklanki cukru, p\u00f3\u0142 szklanki mleka, 2 szklanki maki, 2 p\u0142askie \u0142y\u017ceczki proszku do pieczenia, 4 jaja.<br \/>\nDo roz\u0142o\u017cenia na cie\u015bcie: 80 dag rabarbaru, 2 \u0142y\u017cki cukru. <\/em><\/p>\n<p>1. Rabarbar oczy\u015bci\u0107 odcinaj\u0105c obie ko\u0144c\u00f3wki, pokroi\u0107 na drobne kawa\u0142ki, posypa\u0107 cukrem i odstawi\u0107.<br \/>\n2. Mleko i mas\u0142o zagotowa\u0107 z cukrem, ostudzi\u0107.<br \/>\n3. Do letniej masy doda\u0107 m\u0105k\u0119, proszek do pieczenia oraz jaja w ca\u0142o\u015bci, dok\u0142adnie zmiksowa\u0107 mas\u0119.<br \/>\n4. Form\u0119 do pieczenia wy\u0142o\u017cy\u0107 papierem do wypiek\u00f3w, prze\u0142o\u017cy\u0107 do niej ciasto, wyg\u0142adzi\u0107 wierzch. Na wierzchu ciasta pouk\u0142ada\u0107 kawa\u0142ki rabarbaru.<br \/>\n5. Nagrza\u0107 piekarnik do 180 st C i piec w nim szarlotk\u0119 oko\u0142o 45 minut.<br \/>\nJe\u015bli ciasto jest zbyt ?wytrawne? mo\u017cna je posypa\u0107 cukrem pudrem. <\/p>\n","protected":false},"excerpt":{"rendered":"<p>Na ciasto: kostka mas\u0142a, p\u00f3\u0142torej szklanki cukru, p\u00f3\u0142 szklanki mleka, 2 szklanki maki, 2 p\u0142askie \u0142y\u017ceczki proszku do pieczenia, 4 jaja. Do roz\u0142o\u017cenia na cie\u015bcie: 80 dag rabarbaru, 2 \u0142y\u017cki cukru. 1. Rabarbar oczy\u015bci\u0107 odcinaj\u0105c obie ko\u0144c\u00f3wki, pokroi\u0107 na drobne kawa\u0142ki, posypa\u0107 cukrem i odstawi\u0107. 2. Mleko i mas\u0142o zagotowa\u0107 z cukrem, ostudzi\u0107. 3. Do [&hellip;]<\/p>\n","protected":false},"author":2,"featured_media":0,"comment_status":"open","ping_status":"open","sticky":false,"template":"","format":"standard","meta":{"footnotes":""},"categories":[1],"tags":[],"_links":{"self":[{"href":"https:\/\/blog.polityka.pl\/adamczewski\/wp-json\/wp\/v2\/posts\/10587"}],"collection":[{"href":"https:\/\/blog.polityka.pl\/adamczewski\/wp-json\/wp\/v2\/posts"}],"about":[{"href":"https:\/\/blog.polityka.pl\/adamczewski\/wp-json\/wp\/v2\/types\/post"}],"author":[{"embeddable":true,"href":"https:\/\/blog.polityka.pl\/adamczewski\/wp-json\/wp\/v2\/users\/2"}],"replies":[{"embeddable":true,"href":"https:\/\/blog.polityka.pl\/adamczewski\/wp-json\/wp\/v2\/comments?post=10587"}],"version-history":[{"count":0,"href":"https:\/\/blog.polityka.pl\/adamczewski\/wp-json\/wp\/v2\/posts\/10587\/revisions"}],"wp:attachment":[{"href":"https:\/\/blog.polityka.pl\/adamczewski\/wp-json\/wp\/v2\/media?parent=10587"}],"wp:term":[{"taxonomy":"category","embeddable":true,"href":"https:\/\/blog.polityka.pl\/adamczewski\/wp-json\/wp\/v2\/categories?post=10587"},{"taxonomy":"post_tag","embeddable":true,"href":"https:\/\/blog.polityka.pl\/adamczewski\/wp-json\/wp\/v2\/tags?post=10587"}],"curies":[{"name":"wp","href":"https:\/\/api.w.org\/{rel}","templated":true}]}}