
{"id":10594,"date":"2010-06-18T08:45:27","date_gmt":"2010-06-18T07:45:27","guid":{"rendered":"http:\/\/adamczewscy.pl\/?p=2892"},"modified":"2010-06-18T08:45:27","modified_gmt":"2010-06-18T07:45:27","slug":"zupa-chrzanowa-%e2%80%9ena-gwozdziu%e2%80%9d","status":"publish","type":"post","link":"https:\/\/blog.polityka.pl\/adamczewski\/2010\/06\/18\/zupa-chrzanowa-%e2%80%9ena-gwozdziu%e2%80%9d\/","title":{"rendered":"Zupa chrzanowa ?na gwo\u017adziu?"},"content":{"rendered":"<p><em>4 du\u017ce ziemniaki, \u0142y\u017cka soku cytrynowego lub octu winnego, \u0142y\u017cka mas\u0142a, \u0142y\u017cka m\u0105ki, szklanka s\u0142odkiej \u015bmietanki 12-proc., s\u00f3l, pieprz, ew. vegeta do smaku, \u0142y\u017cka startego chrzanu (mo\u017ce by\u0107 ze s\u0142oiczka), \u0142y\u017cka posiekanego koperku. <\/em><\/p>\n<p>1. Ziemniaki obra\u0107, pokroi\u0107 kostk\u0119 i ugotowa\u0107 z 2 szklankami wody, doda\u0107 do smaku s\u00f3l.<br \/>\n2. Mas\u0142o rozpu\u015bci\u0107 na patelni, doda\u0107 m\u0105k\u0119 i sma\u017cy\u0107 do momentu, kiedy spieni si\u0119 i zbieleje. Wtedy dola\u0107 ma\u0142ym strumieniem \u015bmietank\u0119 i kiedy utworzy si\u0119 jednolita masa &#8211; przela\u0107 do pozosta\u0142ej zupy.<br \/>\n3. Doprawi\u0107 zup\u0119 sokiem cytrynowym lub octem winnym, veget\u0105, zagotowa\u0107 i ju\u017c po odstawieniu z ognia doda\u0107 chrzan.<br \/>\n4. Zup\u0119 posypa\u0107 po wierzchu siekanym koperkiem. <\/p>\n","protected":false},"excerpt":{"rendered":"<p>4 du\u017ce ziemniaki, \u0142y\u017cka soku cytrynowego lub octu winnego, \u0142y\u017cka mas\u0142a, \u0142y\u017cka m\u0105ki, szklanka s\u0142odkiej \u015bmietanki 12-proc., s\u00f3l, pieprz, ew. vegeta do smaku, \u0142y\u017cka startego chrzanu (mo\u017ce by\u0107 ze s\u0142oiczka), \u0142y\u017cka posiekanego koperku. 1. Ziemniaki obra\u0107, pokroi\u0107 kostk\u0119 i ugotowa\u0107 z 2 szklankami wody, doda\u0107 do smaku s\u00f3l. 2. Mas\u0142o rozpu\u015bci\u0107 na patelni, doda\u0107 m\u0105k\u0119 [&hellip;]<\/p>\n","protected":false},"author":2,"featured_media":0,"comment_status":"open","ping_status":"open","sticky":false,"template":"","format":"standard","meta":{"footnotes":""},"categories":[1],"tags":[],"_links":{"self":[{"href":"https:\/\/blog.polityka.pl\/adamczewski\/wp-json\/wp\/v2\/posts\/10594"}],"collection":[{"href":"https:\/\/blog.polityka.pl\/adamczewski\/wp-json\/wp\/v2\/posts"}],"about":[{"href":"https:\/\/blog.polityka.pl\/adamczewski\/wp-json\/wp\/v2\/types\/post"}],"author":[{"embeddable":true,"href":"https:\/\/blog.polityka.pl\/adamczewski\/wp-json\/wp\/v2\/users\/2"}],"replies":[{"embeddable":true,"href":"https:\/\/blog.polityka.pl\/adamczewski\/wp-json\/wp\/v2\/comments?post=10594"}],"version-history":[{"count":0,"href":"https:\/\/blog.polityka.pl\/adamczewski\/wp-json\/wp\/v2\/posts\/10594\/revisions"}],"wp:attachment":[{"href":"https:\/\/blog.polityka.pl\/adamczewski\/wp-json\/wp\/v2\/media?parent=10594"}],"wp:term":[{"taxonomy":"category","embeddable":true,"href":"https:\/\/blog.polityka.pl\/adamczewski\/wp-json\/wp\/v2\/categories?post=10594"},{"taxonomy":"post_tag","embeddable":true,"href":"https:\/\/blog.polityka.pl\/adamczewski\/wp-json\/wp\/v2\/tags?post=10594"}],"curies":[{"name":"wp","href":"https:\/\/api.w.org\/{rel}","templated":true}]}}