
{"id":10604,"date":"2010-06-25T07:25:01","date_gmt":"2010-06-25T06:25:01","guid":{"rendered":"http:\/\/adamczewscy.pl\/?p=2902"},"modified":"2010-06-25T07:25:01","modified_gmt":"2010-06-25T06:25:01","slug":"buraczki-o-smaku-pomaranczowym","status":"publish","type":"post","link":"https:\/\/blog.polityka.pl\/adamczewski\/2010\/06\/25\/buraczki-o-smaku-pomaranczowym\/","title":{"rendered":"Buraczki  o smaku pomara\u0144czowym"},"content":{"rendered":"<p><em>6 \u015brednich, mniej wi\u0119cej jednakowych buraczk\u00f3w, p\u00f3\u0142torej \u0142y\u017cki mas\u0142a, p\u00f3\u0142torej \u0142y\u017cki octu balsamicznego, p\u00f3\u0142torej \u0142y\u017cki d\u017cemu pomara\u0144czowego, s\u00f3l.<br \/>\n<\/em><br \/>\n1. Buraki umy\u0107 zala\u0107 gor\u0105ca wod\u0119 i ugotowa\u0107. Ostudzi\u0107, obra\u0107 ze sk\u00f3rki, pokroi\u0107 w cienkie paseczki lub kostk\u0119 jak na sa\u0142atk\u0119. Doda\u0107 szczypt\u0119 soli, wymiesza\u0107.<br \/>\n2. W garnuszku rozpu\u015bci\u0107 mas\u0142o, doda\u0107 d\u017cem i ocet balsamiczny i mieszaj\u0105c zagotowa\u0107.<br \/>\n3. Wymiesza\u0107 pokrojone buraczki z tak przygotowanym ciep\u0142ym sosem.<br \/>\nDoskona\u0142e s\u0105 takie buraczki do wszystkich pieczonych mi\u0119s, zw\u0142aszcza ciemnych. <\/p>\n","protected":false},"excerpt":{"rendered":"<p>6 \u015brednich, mniej wi\u0119cej jednakowych buraczk\u00f3w, p\u00f3\u0142torej \u0142y\u017cki mas\u0142a, p\u00f3\u0142torej \u0142y\u017cki octu balsamicznego, p\u00f3\u0142torej \u0142y\u017cki d\u017cemu pomara\u0144czowego, s\u00f3l. 1. Buraki umy\u0107 zala\u0107 gor\u0105ca wod\u0119 i ugotowa\u0107. Ostudzi\u0107, obra\u0107 ze sk\u00f3rki, pokroi\u0107 w cienkie paseczki lub kostk\u0119 jak na sa\u0142atk\u0119. Doda\u0107 szczypt\u0119 soli, wymiesza\u0107. 2. W garnuszku rozpu\u015bci\u0107 mas\u0142o, doda\u0107 d\u017cem i ocet balsamiczny i mieszaj\u0105c [&hellip;]<\/p>\n","protected":false},"author":2,"featured_media":0,"comment_status":"open","ping_status":"open","sticky":false,"template":"","format":"standard","meta":{"footnotes":""},"categories":[1],"tags":[],"_links":{"self":[{"href":"https:\/\/blog.polityka.pl\/adamczewski\/wp-json\/wp\/v2\/posts\/10604"}],"collection":[{"href":"https:\/\/blog.polityka.pl\/adamczewski\/wp-json\/wp\/v2\/posts"}],"about":[{"href":"https:\/\/blog.polityka.pl\/adamczewski\/wp-json\/wp\/v2\/types\/post"}],"author":[{"embeddable":true,"href":"https:\/\/blog.polityka.pl\/adamczewski\/wp-json\/wp\/v2\/users\/2"}],"replies":[{"embeddable":true,"href":"https:\/\/blog.polityka.pl\/adamczewski\/wp-json\/wp\/v2\/comments?post=10604"}],"version-history":[{"count":0,"href":"https:\/\/blog.polityka.pl\/adamczewski\/wp-json\/wp\/v2\/posts\/10604\/revisions"}],"wp:attachment":[{"href":"https:\/\/blog.polityka.pl\/adamczewski\/wp-json\/wp\/v2\/media?parent=10604"}],"wp:term":[{"taxonomy":"category","embeddable":true,"href":"https:\/\/blog.polityka.pl\/adamczewski\/wp-json\/wp\/v2\/categories?post=10604"},{"taxonomy":"post_tag","embeddable":true,"href":"https:\/\/blog.polityka.pl\/adamczewski\/wp-json\/wp\/v2\/tags?post=10604"}],"curies":[{"name":"wp","href":"https:\/\/api.w.org\/{rel}","templated":true}]}}