
{"id":10605,"date":"2010-07-02T06:00:46","date_gmt":"2010-07-02T05:00:46","guid":{"rendered":"http:\/\/adamczewscy.pl\/?p=2904"},"modified":"2010-07-02T06:00:46","modified_gmt":"2010-07-02T05:00:46","slug":"zupa-z-papryki","status":"publish","type":"post","link":"https:\/\/blog.polityka.pl\/adamczewski\/2010\/07\/02\/zupa-z-papryki\/","title":{"rendered":"Zupa z papryki"},"content":{"rendered":"<p><em>Po du\u017cym str\u0105ku czerwonej, \u017c\u00f3\u0142tej i zielonej papryki, dymka, \u0142odyga selera naciowego, 3 \u0142y\u017cki mas\u0142a, p\u00f3\u0142torej \u0142y\u017cki m\u0105ki, 4 szklanki roso\u0142u ciel\u0119cego lub drobiowego z kostki, 4 \u0142y\u017cki \u015bmietanki 12-proc., 2 \u0142y\u017cki posiekanej zielonej pietruszki, mielona czerwona papryka, s\u00f3l, pieprz. <\/em><\/p>\n<p>1. Pokroi\u0107 dymk\u0119 w kr\u0105\u017cki, \u0142odyg\u0119 selera na kawa\u0142ki papryk\u0119 w kostk\u0119.<br \/>\n2. Rozgrza\u0107 mas\u0142o w du\u017cym garnku, wrzuci\u0107 rozdrobnione warzywa, posiekan\u0105 zielon\u0105 pietruszk\u0119 i mielona papryk\u0119, dusi\u0107 wszystko razem nie dopuszczaj\u0105c do przyrumienienia si\u0119, oko\u0142o 5 minut.<br \/>\n3. Warzywa posypa\u0107 m\u0105k\u0105 i jeszcze chwil\u0119 mieszaj\u0105c podgrzewa\u0107 2 minuty, po czym wla\u0107 ros\u00f3\u0142 i gotowa\u0107 pod przykryciem oko\u0142o 20 minut doprawiaj\u0105c sol\u0105 i pieprzem. 4. Gotow\u0105 zup\u0119 starannie zmiksowa\u0107.<br \/>\n4. Podaj\u0105c do ka\u017cdej porcji kapn\u0105\u0107 po trochu \u015bmietanki. <\/p>\n","protected":false},"excerpt":{"rendered":"<p>Po du\u017cym str\u0105ku czerwonej, \u017c\u00f3\u0142tej i zielonej papryki, dymka, \u0142odyga selera naciowego, 3 \u0142y\u017cki mas\u0142a, p\u00f3\u0142torej \u0142y\u017cki m\u0105ki, 4 szklanki roso\u0142u ciel\u0119cego lub drobiowego z kostki, 4 \u0142y\u017cki \u015bmietanki 12-proc., 2 \u0142y\u017cki posiekanej zielonej pietruszki, mielona czerwona papryka, s\u00f3l, pieprz. 1. Pokroi\u0107 dymk\u0119 w kr\u0105\u017cki, \u0142odyg\u0119 selera na kawa\u0142ki papryk\u0119 w kostk\u0119. 2. Rozgrza\u0107 mas\u0142o [&hellip;]<\/p>\n","protected":false},"author":2,"featured_media":0,"comment_status":"open","ping_status":"open","sticky":false,"template":"","format":"standard","meta":{"footnotes":""},"categories":[1],"tags":[],"_links":{"self":[{"href":"https:\/\/blog.polityka.pl\/adamczewski\/wp-json\/wp\/v2\/posts\/10605"}],"collection":[{"href":"https:\/\/blog.polityka.pl\/adamczewski\/wp-json\/wp\/v2\/posts"}],"about":[{"href":"https:\/\/blog.polityka.pl\/adamczewski\/wp-json\/wp\/v2\/types\/post"}],"author":[{"embeddable":true,"href":"https:\/\/blog.polityka.pl\/adamczewski\/wp-json\/wp\/v2\/users\/2"}],"replies":[{"embeddable":true,"href":"https:\/\/blog.polityka.pl\/adamczewski\/wp-json\/wp\/v2\/comments?post=10605"}],"version-history":[{"count":0,"href":"https:\/\/blog.polityka.pl\/adamczewski\/wp-json\/wp\/v2\/posts\/10605\/revisions"}],"wp:attachment":[{"href":"https:\/\/blog.polityka.pl\/adamczewski\/wp-json\/wp\/v2\/media?parent=10605"}],"wp:term":[{"taxonomy":"category","embeddable":true,"href":"https:\/\/blog.polityka.pl\/adamczewski\/wp-json\/wp\/v2\/categories?post=10605"},{"taxonomy":"post_tag","embeddable":true,"href":"https:\/\/blog.polityka.pl\/adamczewski\/wp-json\/wp\/v2\/tags?post=10605"}],"curies":[{"name":"wp","href":"https:\/\/api.w.org\/{rel}","templated":true}]}}