
{"id":10606,"date":"2010-07-02T06:01:29","date_gmt":"2010-07-02T05:01:29","guid":{"rendered":"http:\/\/adamczewscy.pl\/?p=2905"},"modified":"2010-07-02T06:01:29","modified_gmt":"2010-07-02T05:01:29","slug":"surowka-z-buraczkow","status":"publish","type":"post","link":"https:\/\/blog.polityka.pl\/adamczewski\/2010\/07\/02\/surowka-z-buraczkow\/","title":{"rendered":"Sur\u00f3wka z buraczk\u00f3w"},"content":{"rendered":"<p><em>4 niewielkie surowe buraczki, \u015bwie\u017cy og\u00f3rek, \u0142y\u017cka posiekanej zielonej pietruszki, (mo\u017ce by\u0107 dodatkiem bazylii, koperku lub szczypiorku) <\/em><\/p>\n<p>Na sos: 2 \u0142y\u017ceczki oliwy z oliwek, 2 \u0142y\u017ceczki cytrynowego soku, \u0142y\u017ceczka musztardy, s\u00f3l, szczypta cukru i pieprzu do smaku.<br \/>\n1. Przygotowa\u0107 sos ubijaj\u0105c razem wszystkie sk\u0142adniki.<br \/>\n2. Obrane buraczki zetrze\u0107 na grubej tarce jarzynowej, wymiesza\u0107 z przygotowanym sosem.<br \/>\n3. Og\u00f3rek obrany i pokrojony na cienkie talarki roz\u0142o\u017cy\u0107 wok\u00f3\u0142 okr\u0105g\u0142ego p\u00f3\u0142miska,  w \u015brodek na\u0142o\u017cy\u0107 przyprawione buraczki, wszystko razem posypa\u0107 siekanymi zio\u0142ami. <\/p>\n","protected":false},"excerpt":{"rendered":"<p>4 niewielkie surowe buraczki, \u015bwie\u017cy og\u00f3rek, \u0142y\u017cka posiekanej zielonej pietruszki, (mo\u017ce by\u0107 dodatkiem bazylii, koperku lub szczypiorku) Na sos: 2 \u0142y\u017ceczki oliwy z oliwek, 2 \u0142y\u017ceczki cytrynowego soku, \u0142y\u017ceczka musztardy, s\u00f3l, szczypta cukru i pieprzu do smaku. 1. Przygotowa\u0107 sos ubijaj\u0105c razem wszystkie sk\u0142adniki. 2. Obrane buraczki zetrze\u0107 na grubej tarce jarzynowej, wymiesza\u0107 z przygotowanym [&hellip;]<\/p>\n","protected":false},"author":2,"featured_media":0,"comment_status":"open","ping_status":"open","sticky":false,"template":"","format":"standard","meta":{"footnotes":""},"categories":[1],"tags":[],"_links":{"self":[{"href":"https:\/\/blog.polityka.pl\/adamczewski\/wp-json\/wp\/v2\/posts\/10606"}],"collection":[{"href":"https:\/\/blog.polityka.pl\/adamczewski\/wp-json\/wp\/v2\/posts"}],"about":[{"href":"https:\/\/blog.polityka.pl\/adamczewski\/wp-json\/wp\/v2\/types\/post"}],"author":[{"embeddable":true,"href":"https:\/\/blog.polityka.pl\/adamczewski\/wp-json\/wp\/v2\/users\/2"}],"replies":[{"embeddable":true,"href":"https:\/\/blog.polityka.pl\/adamczewski\/wp-json\/wp\/v2\/comments?post=10606"}],"version-history":[{"count":0,"href":"https:\/\/blog.polityka.pl\/adamczewski\/wp-json\/wp\/v2\/posts\/10606\/revisions"}],"wp:attachment":[{"href":"https:\/\/blog.polityka.pl\/adamczewski\/wp-json\/wp\/v2\/media?parent=10606"}],"wp:term":[{"taxonomy":"category","embeddable":true,"href":"https:\/\/blog.polityka.pl\/adamczewski\/wp-json\/wp\/v2\/categories?post=10606"},{"taxonomy":"post_tag","embeddable":true,"href":"https:\/\/blog.polityka.pl\/adamczewski\/wp-json\/wp\/v2\/tags?post=10606"}],"curies":[{"name":"wp","href":"https:\/\/api.w.org\/{rel}","templated":true}]}}