
{"id":10607,"date":"2010-07-02T06:01:59","date_gmt":"2010-07-02T05:01:59","guid":{"rendered":"http:\/\/adamczewscy.pl\/?p=2906"},"modified":"2010-07-02T06:01:59","modified_gmt":"2010-07-02T05:01:59","slug":"pikantne-placuszki-z-cukinii","status":"publish","type":"post","link":"https:\/\/blog.polityka.pl\/adamczewski\/2010\/07\/02\/pikantne-placuszki-z-cukinii\/","title":{"rendered":"Pikantne placuszki z cukinii"},"content":{"rendered":"<p><em>Spora cukinia, szklanka startego ostrego sera, np. cheddara, 2 jaja, 2 z\u0105bki czosnku,  8 \u0142y\u017cek m\u0105ki, p\u0142aska \u0142y\u017ceczka proszku do pieczenia, 5 \u0142y\u017cek oleju, 4 \u0142y\u017cki posiekanej zielonej pietruszki, s\u00f3l. <\/em><\/p>\n<p>1. Cukini\u0119 obra\u0107, przekroi\u0107 wzd\u0142u\u017c i odrzuci\u0107 pestki, pozosta\u0142\u0105 cz\u0119\u015b\u0107 zetrze\u0107 na grubej tarce jarzynowej.<br \/>\n2, Do cukinii doda\u0107 m\u0105k\u0119, proszek do pieczenia, przeci\u015bni\u0119ty przez prask\u0119 czosnek, zielon\u0105 pietruszk\u0119 i starty ser. Dok\u0142adnie wymiesza\u0107.<br \/>\n3. Na patelni rozgrza\u0107 olej, nak\u0142ada\u0107 ciasto na gor\u0105cy t\u0142uszcz i \u0142y\u017ck\u0105 formowa\u0107 owalne placuszki. Sma\u017cy\u0107 je z obu stron na rumiano. <\/p>\n","protected":false},"excerpt":{"rendered":"<p>Spora cukinia, szklanka startego ostrego sera, np. cheddara, 2 jaja, 2 z\u0105bki czosnku, 8 \u0142y\u017cek m\u0105ki, p\u0142aska \u0142y\u017ceczka proszku do pieczenia, 5 \u0142y\u017cek oleju, 4 \u0142y\u017cki posiekanej zielonej pietruszki, s\u00f3l. 1. Cukini\u0119 obra\u0107, przekroi\u0107 wzd\u0142u\u017c i odrzuci\u0107 pestki, pozosta\u0142\u0105 cz\u0119\u015b\u0107 zetrze\u0107 na grubej tarce jarzynowej. 2, Do cukinii doda\u0107 m\u0105k\u0119, proszek do pieczenia, przeci\u015bni\u0119ty przez [&hellip;]<\/p>\n","protected":false},"author":2,"featured_media":0,"comment_status":"open","ping_status":"open","sticky":false,"template":"","format":"standard","meta":{"footnotes":""},"categories":[1],"tags":[],"_links":{"self":[{"href":"https:\/\/blog.polityka.pl\/adamczewski\/wp-json\/wp\/v2\/posts\/10607"}],"collection":[{"href":"https:\/\/blog.polityka.pl\/adamczewski\/wp-json\/wp\/v2\/posts"}],"about":[{"href":"https:\/\/blog.polityka.pl\/adamczewski\/wp-json\/wp\/v2\/types\/post"}],"author":[{"embeddable":true,"href":"https:\/\/blog.polityka.pl\/adamczewski\/wp-json\/wp\/v2\/users\/2"}],"replies":[{"embeddable":true,"href":"https:\/\/blog.polityka.pl\/adamczewski\/wp-json\/wp\/v2\/comments?post=10607"}],"version-history":[{"count":0,"href":"https:\/\/blog.polityka.pl\/adamczewski\/wp-json\/wp\/v2\/posts\/10607\/revisions"}],"wp:attachment":[{"href":"https:\/\/blog.polityka.pl\/adamczewski\/wp-json\/wp\/v2\/media?parent=10607"}],"wp:term":[{"taxonomy":"category","embeddable":true,"href":"https:\/\/blog.polityka.pl\/adamczewski\/wp-json\/wp\/v2\/categories?post=10607"},{"taxonomy":"post_tag","embeddable":true,"href":"https:\/\/blog.polityka.pl\/adamczewski\/wp-json\/wp\/v2\/tags?post=10607"}],"curies":[{"name":"wp","href":"https:\/\/api.w.org\/{rel}","templated":true}]}}