
{"id":10608,"date":"2010-07-02T06:02:44","date_gmt":"2010-07-02T05:02:44","guid":{"rendered":"http:\/\/adamczewscy.pl\/?p=2907"},"modified":"2010-07-02T06:02:44","modified_gmt":"2010-07-02T05:02:44","slug":"kapusta-pekinska-z-imbirem-2","status":"publish","type":"post","link":"https:\/\/blog.polityka.pl\/adamczewski\/2010\/07\/02\/kapusta-pekinska-z-imbirem-2\/","title":{"rendered":"Kapusta peki\u0144ska z imbirem"},"content":{"rendered":"<p><em>Kapusta peki\u0144ska \u015bredniej wielko\u015bci, ma\u0142y bak\u0142a\u017can, niedu\u017ca cebula, p\u00f3\u0142 str\u0105ka czerwonej papryki, 10 cm korzenia imbiru, 3 \u0142y\u017cki oliwy z oliwek, \u0142y\u017cka m\u0105ki kukurydzianej, p\u00f3\u0142torej szklanki roso\u0142u ciel\u0119cego z kostki, \u0142y\u017cka grzybowego sosu sojowego, s\u00f3l, pieprz<\/em><\/p>\n<p>1. Bak\u0142a\u017can pokroi\u0107 w kostk\u0119, posoli\u0107. Odstawi\u0107. Po 20minutach wytrze\u0107 przy pomocy papierowego kuchennego r\u0119cznika usuwaj\u0105c w ten spos\u00f3b gorycz.<br \/>\n2. Pokroi\u0107 pozosta\u0142e warzywa: cebul\u0119 wzd\u0142u\u017c na 8 cz\u0119\u015bci, kapust\u0119 w szerokie paski a papryk\u0119 w cie\u0144sze, imbir pokroi\u0107 w bardzo cieniutkie paseczki lub zetrze\u0107 na grubej tarce jarzynowej.<br \/>\n3. Rozgrza\u0107 w g\u0142\u0119bokiej patelni oliw\u0119, najpierw sma\u017cy\u0107 ok. 4min bak\u0142a\u017can z cebul\u0105 a nast\u0119pnie doda\u0107 pozosta\u0142e warzywa i sma\u017cy\u0107 jeszcze 6 minut.<br \/>\n4. Wla\u0107 ros\u00f3\u0142, doprawi\u0107 warzywa sol\u0105 i pieprzem, zagotowa\u0107.<br \/>\n5. Zag\u0119\u015bci\u0107 potraw\u0119 rozprowadzon\u0105 kilkoma \u0142y\u017ckami wody m\u0105k\u0105 kukurydzian\u0105, doda\u0107 do potrawy sos sojowy i gotowa\u0107 wszystko razem jeszcze 5-6 minut. <\/p>\n","protected":false},"excerpt":{"rendered":"<p>Kapusta peki\u0144ska \u015bredniej wielko\u015bci, ma\u0142y bak\u0142a\u017can, niedu\u017ca cebula, p\u00f3\u0142 str\u0105ka czerwonej papryki, 10 cm korzenia imbiru, 3 \u0142y\u017cki oliwy z oliwek, \u0142y\u017cka m\u0105ki kukurydzianej, p\u00f3\u0142torej szklanki roso\u0142u ciel\u0119cego z kostki, \u0142y\u017cka grzybowego sosu sojowego, s\u00f3l, pieprz 1. Bak\u0142a\u017can pokroi\u0107 w kostk\u0119, posoli\u0107. Odstawi\u0107. Po 20minutach wytrze\u0107 przy pomocy papierowego kuchennego r\u0119cznika usuwaj\u0105c w ten spos\u00f3b [&hellip;]<\/p>\n","protected":false},"author":2,"featured_media":0,"comment_status":"open","ping_status":"open","sticky":false,"template":"","format":"standard","meta":{"footnotes":""},"categories":[1],"tags":[],"_links":{"self":[{"href":"https:\/\/blog.polityka.pl\/adamczewski\/wp-json\/wp\/v2\/posts\/10608"}],"collection":[{"href":"https:\/\/blog.polityka.pl\/adamczewski\/wp-json\/wp\/v2\/posts"}],"about":[{"href":"https:\/\/blog.polityka.pl\/adamczewski\/wp-json\/wp\/v2\/types\/post"}],"author":[{"embeddable":true,"href":"https:\/\/blog.polityka.pl\/adamczewski\/wp-json\/wp\/v2\/users\/2"}],"replies":[{"embeddable":true,"href":"https:\/\/blog.polityka.pl\/adamczewski\/wp-json\/wp\/v2\/comments?post=10608"}],"version-history":[{"count":0,"href":"https:\/\/blog.polityka.pl\/adamczewski\/wp-json\/wp\/v2\/posts\/10608\/revisions"}],"wp:attachment":[{"href":"https:\/\/blog.polityka.pl\/adamczewski\/wp-json\/wp\/v2\/media?parent=10608"}],"wp:term":[{"taxonomy":"category","embeddable":true,"href":"https:\/\/blog.polityka.pl\/adamczewski\/wp-json\/wp\/v2\/categories?post=10608"},{"taxonomy":"post_tag","embeddable":true,"href":"https:\/\/blog.polityka.pl\/adamczewski\/wp-json\/wp\/v2\/tags?post=10608"}],"curies":[{"name":"wp","href":"https:\/\/api.w.org\/{rel}","templated":true}]}}