
{"id":10609,"date":"2010-07-02T06:03:28","date_gmt":"2010-07-02T05:03:28","guid":{"rendered":"http:\/\/adamczewscy.pl\/?p=2908"},"modified":"2010-07-02T06:03:28","modified_gmt":"2010-07-02T05:03:28","slug":"filety-z-kurczaka-w-smietanie","status":"publish","type":"post","link":"https:\/\/blog.polityka.pl\/adamczewski\/2010\/07\/02\/filety-z-kurczaka-w-smietanie\/","title":{"rendered":"Filety z kurczaka w \u015bmietanie"},"content":{"rendered":"<p><em>2 podw\u00f3jne piersi kurczaka, 2 p\u0119czki rzodkiewek, p\u00f3\u0142 szklanki roso\u0142u drobiowego z kostki, p\u00f3\u0142 szklanki \u015bmietany 18-proc., 2 \u0142y\u017cki oliwy z oliwek, p\u00f3\u0142 \u0142y\u017ceczki sproszkowanej s\u0142odkiej papryki, s\u00f3l, pieprz. <\/em><\/p>\n<p>1. Mi\u0119so podzieli\u0107 na porcje, lekko zbi\u0107 t\u0142uczkiem formuj\u0105c owalne kotlety. Posypa\u0107 je sol\u0105, pieprzem i sproszkowan\u0105 papryk\u0105.<br \/>\n2. Rzodkiewki umy\u0107, poodcina\u0107 korzonki i \u0142ody\u017cki, pokroi\u0107 na plasterki (od\u0142o\u017cy\u0107 kilka do przybrania potrawy)<br \/>\n3. Rozgrza\u0107 na patelni oliw\u0119 i obsma\u017cy\u0107 kotlety z obu stron, doda\u0107 pokrojone w plasterki rzodkiewki i jeszcze chwil\u0119 obsma\u017ca\u0107.<br \/>\n4. Wla\u0107 na patelni\u0119  \u015bmietan\u0119 z roso\u0142em i dusi\u0107 wraz z mi\u0119sem 15 minut. W razie potrzeby doprawi\u0107 sol\u0105 i pieprzem.<br \/>\n5. Podaj\u0105c przybra\u0107 potraw\u0119 ca\u0142ymi rzodkiewkami. <\/p>\n","protected":false},"excerpt":{"rendered":"<p>2 podw\u00f3jne piersi kurczaka, 2 p\u0119czki rzodkiewek, p\u00f3\u0142 szklanki roso\u0142u drobiowego z kostki, p\u00f3\u0142 szklanki \u015bmietany 18-proc., 2 \u0142y\u017cki oliwy z oliwek, p\u00f3\u0142 \u0142y\u017ceczki sproszkowanej s\u0142odkiej papryki, s\u00f3l, pieprz. 1. Mi\u0119so podzieli\u0107 na porcje, lekko zbi\u0107 t\u0142uczkiem formuj\u0105c owalne kotlety. Posypa\u0107 je sol\u0105, pieprzem i sproszkowan\u0105 papryk\u0105. 2. Rzodkiewki umy\u0107, poodcina\u0107 korzonki i \u0142ody\u017cki, pokroi\u0107 [&hellip;]<\/p>\n","protected":false},"author":2,"featured_media":0,"comment_status":"open","ping_status":"open","sticky":false,"template":"","format":"standard","meta":{"footnotes":""},"categories":[1],"tags":[],"_links":{"self":[{"href":"https:\/\/blog.polityka.pl\/adamczewski\/wp-json\/wp\/v2\/posts\/10609"}],"collection":[{"href":"https:\/\/blog.polityka.pl\/adamczewski\/wp-json\/wp\/v2\/posts"}],"about":[{"href":"https:\/\/blog.polityka.pl\/adamczewski\/wp-json\/wp\/v2\/types\/post"}],"author":[{"embeddable":true,"href":"https:\/\/blog.polityka.pl\/adamczewski\/wp-json\/wp\/v2\/users\/2"}],"replies":[{"embeddable":true,"href":"https:\/\/blog.polityka.pl\/adamczewski\/wp-json\/wp\/v2\/comments?post=10609"}],"version-history":[{"count":0,"href":"https:\/\/blog.polityka.pl\/adamczewski\/wp-json\/wp\/v2\/posts\/10609\/revisions"}],"wp:attachment":[{"href":"https:\/\/blog.polityka.pl\/adamczewski\/wp-json\/wp\/v2\/media?parent=10609"}],"wp:term":[{"taxonomy":"category","embeddable":true,"href":"https:\/\/blog.polityka.pl\/adamczewski\/wp-json\/wp\/v2\/categories?post=10609"},{"taxonomy":"post_tag","embeddable":true,"href":"https:\/\/blog.polityka.pl\/adamczewski\/wp-json\/wp\/v2\/tags?post=10609"}],"curies":[{"name":"wp","href":"https:\/\/api.w.org\/{rel}","templated":true}]}}