
{"id":10610,"date":"2010-07-02T06:04:22","date_gmt":"2010-07-02T05:04:22","guid":{"rendered":"http:\/\/adamczewscy.pl\/?p=2909"},"modified":"2010-07-02T06:04:22","modified_gmt":"2010-07-02T05:04:22","slug":"cielece-rolady-z-bazylia","status":"publish","type":"post","link":"https:\/\/blog.polityka.pl\/adamczewski\/2010\/07\/02\/cielece-rolady-z-bazylia\/","title":{"rendered":"Ciel\u0119ce rolady z bazyli\u0105"},"content":{"rendered":"<p><em>4 plastry z ciel\u0119cego ud\u017aca (\u0142\u0105cznie oko\u0142o 60 dag), 2 p\u0119czki (doniczki) \u015bwie\u017cej bazylii, 2 \u0142y\u017cki tartej bu\u0142ki, 2 \u017c\u00f3\u0142tka, 4 \u0142y\u017cki oliwy, 2 dymki, szklanka bia\u0142ego wytrawnego wina, 2 \u0142y\u017cki g\u0119stej \u015bmietany, \u0142y\u017cka soku cytrynowego, s\u00f3l, pieprz , kilka kropli sosu worcester. <\/em><\/p>\n<p>1. Rozbi\u0107 plastry mi\u0119sa t\u0142uczkiem na r\u00f3wne p\u0142aty. Lekko posypa\u0107 sol\u0105 i pieprzem.<br \/>\n2. Bazyli\u0119 posieka\u0107, wymiesza\u0107 z \u017c\u00f3\u0142tkami, \u0142y\u017ck\u0105 oliwy  i tart\u0105 bu\u0142k\u0105. Mas\u0105 t\u0105 posmarowa\u0107 mi\u0119so, zwin\u0105\u0107 rolady i obwi\u0105za\u0107 bia\u0142\u0105 bawe\u0142nian\u0105 nitk\u0105.<br \/>\n3. W rondlu rozgrza\u0107 pozosta\u0142\u0105 oliw\u0119, obsma\u017cy cna niej rolady; doda\u0107 posiekan\u0105 dymk\u0119 i kiedy si\u0119 zeszkli, wla\u0107 wino i dusi\u0107 rolady 30 minut.<br \/>\n4. Sos zaprawi\u0107 \u015bmietan\u0105 i doprowadzi\u0107 do wrzenia.<br \/>\nPodawa\u0107 rolady z ziemniakami z wody lub ry\u017cem. <\/p>\n","protected":false},"excerpt":{"rendered":"<p>4 plastry z ciel\u0119cego ud\u017aca (\u0142\u0105cznie oko\u0142o 60 dag), 2 p\u0119czki (doniczki) \u015bwie\u017cej bazylii, 2 \u0142y\u017cki tartej bu\u0142ki, 2 \u017c\u00f3\u0142tka, 4 \u0142y\u017cki oliwy, 2 dymki, szklanka bia\u0142ego wytrawnego wina, 2 \u0142y\u017cki g\u0119stej \u015bmietany, \u0142y\u017cka soku cytrynowego, s\u00f3l, pieprz , kilka kropli sosu worcester. 1. Rozbi\u0107 plastry mi\u0119sa t\u0142uczkiem na r\u00f3wne p\u0142aty. Lekko posypa\u0107 sol\u0105 i [&hellip;]<\/p>\n","protected":false},"author":2,"featured_media":0,"comment_status":"open","ping_status":"open","sticky":false,"template":"","format":"standard","meta":{"footnotes":""},"categories":[1],"tags":[],"_links":{"self":[{"href":"https:\/\/blog.polityka.pl\/adamczewski\/wp-json\/wp\/v2\/posts\/10610"}],"collection":[{"href":"https:\/\/blog.polityka.pl\/adamczewski\/wp-json\/wp\/v2\/posts"}],"about":[{"href":"https:\/\/blog.polityka.pl\/adamczewski\/wp-json\/wp\/v2\/types\/post"}],"author":[{"embeddable":true,"href":"https:\/\/blog.polityka.pl\/adamczewski\/wp-json\/wp\/v2\/users\/2"}],"replies":[{"embeddable":true,"href":"https:\/\/blog.polityka.pl\/adamczewski\/wp-json\/wp\/v2\/comments?post=10610"}],"version-history":[{"count":0,"href":"https:\/\/blog.polityka.pl\/adamczewski\/wp-json\/wp\/v2\/posts\/10610\/revisions"}],"wp:attachment":[{"href":"https:\/\/blog.polityka.pl\/adamczewski\/wp-json\/wp\/v2\/media?parent=10610"}],"wp:term":[{"taxonomy":"category","embeddable":true,"href":"https:\/\/blog.polityka.pl\/adamczewski\/wp-json\/wp\/v2\/categories?post=10610"},{"taxonomy":"post_tag","embeddable":true,"href":"https:\/\/blog.polityka.pl\/adamczewski\/wp-json\/wp\/v2\/tags?post=10610"}],"curies":[{"name":"wp","href":"https:\/\/api.w.org\/{rel}","templated":true}]}}