
{"id":10612,"date":"2010-07-09T07:22:16","date_gmt":"2010-07-09T06:22:16","guid":{"rendered":"http:\/\/adamczewscy.pl\/?p=2914"},"modified":"2010-07-09T07:22:16","modified_gmt":"2010-07-09T06:22:16","slug":"tort-warzywny","status":"publish","type":"post","link":"https:\/\/blog.polityka.pl\/adamczewski\/2010\/07\/09\/tort-warzywny\/","title":{"rendered":"Tort warzywny"},"content":{"rendered":"<p><em>Na nale\u015bniki: 2 szklanki m\u0105ki, szklanka mleka, 2 jaja, ew. troch\u0119 gazowanej wody, \u0142y\u017cka oleju do sma\u017cenia.<br \/>\nNa farsz:4 marchwie, 2 pietruszki, niedu\u017cy seler, por,  3 \u0142y\u017cki oliwy lub oleju, 2 serki topione, najlepiej gouda, p\u00f3\u0142 szklanki \u015bmietany 18-proc., s\u00f3l i pieprz do smaku oraz szczypta suszonego tymianku.<br \/>\nDo posmarowania tortownicy: \u0142y\u017cka mas\u0142a<\/em><\/p>\n<p>1. Przygotowa\u0107 nale\u015bniki: wymiesza\u0107 wszystkie sk\u0142adniki, odstawi\u0107 ciasto na p\u00f3\u0142 godziny, po czym usma\u017cy\u0107 nale\u015bniki od czasu do czasu smaruj\u0105c patelni\u0119 olejem.<br \/>\n2. Przygotowa\u0107 farsz: rozgrza\u0107 na patelnie oliw\u0119 lub olej, doda\u0107 starte na grubej jarzynowej tarce warzywa (opr\u00f3cz pora) i sma\u017cy\u0107 5 minut stale mieszaj\u0105c, po czym doda\u0107 pokrojonego drobno pora i dusi\u0107 wszystko razem dalsze 5 minut. Na koniec doprawi\u0107 sol\u0105, pieprzem i tymiankiem.<br \/>\n3. W tortownicy lub okr\u0105g\u0142ym naczyniu do zapiekania u\u0142o\u017cy\u0107 nale\u015bnik, na nim warstewk\u0119 duszonych warzyw, posypa\u0107 pokrojonym w drobn\u0105 kostk\u0119 topionym serkiem, zn\u00f3w nale\u015bnik, a na nim warzywa i topiony ser, a\u017c do wyczerpania si\u0119 sk\u0142adnik\u00f3w. Wierzch tortu posypa\u0107 pozosta\u0142ym topionym serkiem i pola\u0107 \u015bmietan\u0105.<br \/>\n4. Nagrza\u0107 piekarnik do 180 st C i zapieka\u0107 potraw\u0119 oko\u0142o 20 minut. <\/p>\n","protected":false},"excerpt":{"rendered":"<p>Na nale\u015bniki: 2 szklanki m\u0105ki, szklanka mleka, 2 jaja, ew. troch\u0119 gazowanej wody, \u0142y\u017cka oleju do sma\u017cenia. Na farsz:4 marchwie, 2 pietruszki, niedu\u017cy seler, por, 3 \u0142y\u017cki oliwy lub oleju, 2 serki topione, najlepiej gouda, p\u00f3\u0142 szklanki \u015bmietany 18-proc., s\u00f3l i pieprz do smaku oraz szczypta suszonego tymianku. Do posmarowania tortownicy: \u0142y\u017cka mas\u0142a 1. Przygotowa\u0107 [&hellip;]<\/p>\n","protected":false},"author":2,"featured_media":0,"comment_status":"open","ping_status":"open","sticky":false,"template":"","format":"standard","meta":{"footnotes":""},"categories":[1],"tags":[],"_links":{"self":[{"href":"https:\/\/blog.polityka.pl\/adamczewski\/wp-json\/wp\/v2\/posts\/10612"}],"collection":[{"href":"https:\/\/blog.polityka.pl\/adamczewski\/wp-json\/wp\/v2\/posts"}],"about":[{"href":"https:\/\/blog.polityka.pl\/adamczewski\/wp-json\/wp\/v2\/types\/post"}],"author":[{"embeddable":true,"href":"https:\/\/blog.polityka.pl\/adamczewski\/wp-json\/wp\/v2\/users\/2"}],"replies":[{"embeddable":true,"href":"https:\/\/blog.polityka.pl\/adamczewski\/wp-json\/wp\/v2\/comments?post=10612"}],"version-history":[{"count":0,"href":"https:\/\/blog.polityka.pl\/adamczewski\/wp-json\/wp\/v2\/posts\/10612\/revisions"}],"wp:attachment":[{"href":"https:\/\/blog.polityka.pl\/adamczewski\/wp-json\/wp\/v2\/media?parent=10612"}],"wp:term":[{"taxonomy":"category","embeddable":true,"href":"https:\/\/blog.polityka.pl\/adamczewski\/wp-json\/wp\/v2\/categories?post=10612"},{"taxonomy":"post_tag","embeddable":true,"href":"https:\/\/blog.polityka.pl\/adamczewski\/wp-json\/wp\/v2\/tags?post=10612"}],"curies":[{"name":"wp","href":"https:\/\/api.w.org\/{rel}","templated":true}]}}