
{"id":10613,"date":"2010-07-09T07:24:54","date_gmt":"2010-07-09T06:24:54","guid":{"rendered":"http:\/\/adamczewscy.pl\/?p=2915"},"modified":"2010-07-09T07:24:54","modified_gmt":"2010-07-09T06:24:54","slug":"leniwe-kulki-z-owocami","status":"publish","type":"post","link":"https:\/\/blog.polityka.pl\/adamczewski\/2010\/07\/09\/leniwe-kulki-z-owocami\/","title":{"rendered":"Leniwe kulki z owocami"},"content":{"rendered":"<p><em>25 dag t\u0142ustego twarogu, 9 \u0142y\u017cek m\u0105ki pszennej, 2 jaja, \u0142y\u017cka mas\u0142a,<br \/>\nNa nadzienie: truskawki, jagody lub wi\u015bnie<br \/>\nDo okraszenia: 4 \u0142y\u017cka mas\u0142a i 3 \u0142y\u017cki tartej bu\u0142ki<\/em><\/p>\n<p>1. Twar\u00f3g przecisn\u0105\u0107 przez prask\u0119 do ziemniak\u00f3w lub zemle\u0107 w maszynce do mi\u0119sa.<br \/>\n2. \u017b\u00f3\u0142tka utrze\u0107 z mas\u0142em, doda\u0107 twar\u00f3g i m\u0105k\u0119, zagnie\u015b\u0107 ciasto.<br \/>\n3. Ubi\u0107 pian\u0119 z bia\u0142ek i doda\u0107 do ciasta.<br \/>\n4. Z ciasta uformowa\u0107 wa\u0142ek, kt\u00f3ry pokroi\u0107 na kawa\u0142ki. Ka\u017cdy kawa\u0142ek rozp\u0142aszcza\u0107 na placuszek, uk\u0142ada\u0107 na nim owoc lub kilka owoc\u00f3w, szczelnie skleja\u0107 tocz\u0105c na koniec w r\u0119kach kulk\u0119.<br \/>\n5. Zagotowa\u0107 3-4 litry wody z odrobin\u0105 soli, wrzuci\u0107 do wrz\u0105cej leniwe kulki i gotowa\u0107 2 minuty od wyp\u0142yni\u0119cia. Wyj\u0105\u0107 \u0142y\u017ck\u0105 cedzakow\u0105.<br \/>\n6. Zrumieni\u0107 tart\u0105 bu\u0142k\u0119, doda\u0107 do niej mas\u0142o i kiedy si\u0119 roztopi pola\u0107 leniwe. <\/p>\n","protected":false},"excerpt":{"rendered":"<p>25 dag t\u0142ustego twarogu, 9 \u0142y\u017cek m\u0105ki pszennej, 2 jaja, \u0142y\u017cka mas\u0142a, Na nadzienie: truskawki, jagody lub wi\u015bnie Do okraszenia: 4 \u0142y\u017cka mas\u0142a i 3 \u0142y\u017cki tartej bu\u0142ki 1. Twar\u00f3g przecisn\u0105\u0107 przez prask\u0119 do ziemniak\u00f3w lub zemle\u0107 w maszynce do mi\u0119sa. 2. \u017b\u00f3\u0142tka utrze\u0107 z mas\u0142em, doda\u0107 twar\u00f3g i m\u0105k\u0119, zagnie\u015b\u0107 ciasto. 3. Ubi\u0107 pian\u0119 [&hellip;]<\/p>\n","protected":false},"author":2,"featured_media":0,"comment_status":"open","ping_status":"open","sticky":false,"template":"","format":"standard","meta":{"footnotes":""},"categories":[1],"tags":[],"_links":{"self":[{"href":"https:\/\/blog.polityka.pl\/adamczewski\/wp-json\/wp\/v2\/posts\/10613"}],"collection":[{"href":"https:\/\/blog.polityka.pl\/adamczewski\/wp-json\/wp\/v2\/posts"}],"about":[{"href":"https:\/\/blog.polityka.pl\/adamczewski\/wp-json\/wp\/v2\/types\/post"}],"author":[{"embeddable":true,"href":"https:\/\/blog.polityka.pl\/adamczewski\/wp-json\/wp\/v2\/users\/2"}],"replies":[{"embeddable":true,"href":"https:\/\/blog.polityka.pl\/adamczewski\/wp-json\/wp\/v2\/comments?post=10613"}],"version-history":[{"count":0,"href":"https:\/\/blog.polityka.pl\/adamczewski\/wp-json\/wp\/v2\/posts\/10613\/revisions"}],"wp:attachment":[{"href":"https:\/\/blog.polityka.pl\/adamczewski\/wp-json\/wp\/v2\/media?parent=10613"}],"wp:term":[{"taxonomy":"category","embeddable":true,"href":"https:\/\/blog.polityka.pl\/adamczewski\/wp-json\/wp\/v2\/categories?post=10613"},{"taxonomy":"post_tag","embeddable":true,"href":"https:\/\/blog.polityka.pl\/adamczewski\/wp-json\/wp\/v2\/tags?post=10613"}],"curies":[{"name":"wp","href":"https:\/\/api.w.org\/{rel}","templated":true}]}}