
{"id":10614,"date":"2010-07-09T07:26:02","date_gmt":"2010-07-09T06:26:02","guid":{"rendered":"http:\/\/adamczewscy.pl\/?p=2916"},"modified":"2010-07-09T07:26:02","modified_gmt":"2010-07-09T06:26:02","slug":"dorsz-pod-ziemniaczanym-puree","status":"publish","type":"post","link":"https:\/\/blog.polityka.pl\/adamczewski\/2010\/07\/09\/dorsz-pod-ziemniaczanym-puree\/","title":{"rendered":"Dorsz pod ziemniaczanym puree"},"content":{"rendered":"<p><em>P\u00f3\u0142 kg filet\u00f3w z dorsza bez sk\u00f3ry, sok z po\u0142owy cytryny, 8 du\u017cych ziemniak\u00f3w, szklanka keczupu, 3\/4 szklanki startego \u017c\u00f3\u0142tego sera, jajko, 3 \u0142y\u017cki posiekanej zielonej pietruszki, s\u00f3l, pieprz,<br \/>\nDo posmarowania naczynia do zapiekania: \u0142y\u017cka mas\u0142a. <\/em><\/p>\n<p>1. Ziemniaki ugotowa\u0107 w \u0142upinach, ostudzi\u0107, przecisn\u0105\u0107 przez prask\u0119 lub dok\u0142adnie ut\u0142uc dodaj\u0105c do smaku s\u00f3l.<br \/>\n2. Filety z dorsza pokroi\u0107 na porcje, opr\u00f3szy\u0107 sol\u0105 i pieprzem oraz skropi\u0107 sokiem cytrynowym. Odstawi\u0107 na 20minut.<br \/>\n3. W posmarowanym mas\u0142em naczyniu \u017caroodpornym u\u0142o\u017cy\u0107 filety, pola\u0107 je keczupem, posypa\u0107 startym serem. Na serze u\u0142o\u017cy\u0107 warstw\u0119 przygotowanych ziemniak\u00f3w.<br \/>\n4. Wyg\u0142adzi\u0107 ziemniaki, posmarowa\u0107 rozbitym z \u0142y\u017ck\u0105 wody jajkiem.<br \/>\n5. Piekarnik nagrza\u0107 do 180- ST C i zapieka\u0107 potraw\u0119 oko\u0142o 40-45 minut. Posypa\u0107 wierzch gotowej potrawy siekan\u0105 zielon\u0105 pietruszk\u0105. <\/p>\n","protected":false},"excerpt":{"rendered":"<p>P\u00f3\u0142 kg filet\u00f3w z dorsza bez sk\u00f3ry, sok z po\u0142owy cytryny, 8 du\u017cych ziemniak\u00f3w, szklanka keczupu, 3\/4 szklanki startego \u017c\u00f3\u0142tego sera, jajko, 3 \u0142y\u017cki posiekanej zielonej pietruszki, s\u00f3l, pieprz, Do posmarowania naczynia do zapiekania: \u0142y\u017cka mas\u0142a. 1. Ziemniaki ugotowa\u0107 w \u0142upinach, ostudzi\u0107, przecisn\u0105\u0107 przez prask\u0119 lub dok\u0142adnie ut\u0142uc dodaj\u0105c do smaku s\u00f3l. 2. Filety z [&hellip;]<\/p>\n","protected":false},"author":2,"featured_media":0,"comment_status":"open","ping_status":"open","sticky":false,"template":"","format":"standard","meta":{"footnotes":""},"categories":[1],"tags":[],"_links":{"self":[{"href":"https:\/\/blog.polityka.pl\/adamczewski\/wp-json\/wp\/v2\/posts\/10614"}],"collection":[{"href":"https:\/\/blog.polityka.pl\/adamczewski\/wp-json\/wp\/v2\/posts"}],"about":[{"href":"https:\/\/blog.polityka.pl\/adamczewski\/wp-json\/wp\/v2\/types\/post"}],"author":[{"embeddable":true,"href":"https:\/\/blog.polityka.pl\/adamczewski\/wp-json\/wp\/v2\/users\/2"}],"replies":[{"embeddable":true,"href":"https:\/\/blog.polityka.pl\/adamczewski\/wp-json\/wp\/v2\/comments?post=10614"}],"version-history":[{"count":0,"href":"https:\/\/blog.polityka.pl\/adamczewski\/wp-json\/wp\/v2\/posts\/10614\/revisions"}],"wp:attachment":[{"href":"https:\/\/blog.polityka.pl\/adamczewski\/wp-json\/wp\/v2\/media?parent=10614"}],"wp:term":[{"taxonomy":"category","embeddable":true,"href":"https:\/\/blog.polityka.pl\/adamczewski\/wp-json\/wp\/v2\/categories?post=10614"},{"taxonomy":"post_tag","embeddable":true,"href":"https:\/\/blog.polityka.pl\/adamczewski\/wp-json\/wp\/v2\/tags?post=10614"}],"curies":[{"name":"wp","href":"https:\/\/api.w.org\/{rel}","templated":true}]}}