
{"id":10615,"date":"2010-07-09T07:27:36","date_gmt":"2010-07-09T06:27:36","guid":{"rendered":"http:\/\/adamczewscy.pl\/?p=2917"},"modified":"2010-07-09T07:27:36","modified_gmt":"2010-07-09T06:27:36","slug":"deser-serowo-czekoladowy-z-pomarancza","status":"publish","type":"post","link":"https:\/\/blog.polityka.pl\/adamczewski\/2010\/07\/09\/deser-serowo-czekoladowy-z-pomarancza\/","title":{"rendered":"Deser serowo-czekoladowy z pomara\u0144cz\u0105"},"content":{"rendered":"<p><em>50 dag serka mascarpone, p\u00f3\u0142 szklanki \u015bmietanki 30-proc., 10 dag gorzkiej czekolady,  pomara\u0144cza, \u0142y\u017ceczka cukru waniliowego<\/em><\/p>\n<p>1. Pomara\u0144cz\u0119 starannie umy\u0107, zetrze\u0107 sk\u00f3rk\u0119, owoc obra\u0107, podzieli\u0107 na cz\u0105stki i usun\u0105\u0107 b\u0142onki.<br \/>\n2. Czekolad\u0119 po\u0142ama\u0107 na drobne kawa\u0142ki, rozpu\u015bci\u0107 w kuchence mikrofalowej lub w ustawionym na parze naczyniu. Lekko ostudzi\u0107.<br \/>\n3. Sch\u0142odzon\u0105 \u015bmietank\u0119 ubi\u0107 z cukrem waniliowym i start\u0105 sk\u00f3rk\u0105 pomara\u0144czow\u0105.<br \/>\n4. Wymiesza\u0107 mascarpone z cukrem, przestudzon\u0105 czekolad\u0105 oraz ubit\u0105 \u015bmietank\u0105.<br \/>\n5. Deser prze\u0142o\u017cy\u0107 do puchark\u00f3w, sch\u0142odzi\u0107 w lod\u00f3wce, przybra\u0107 na wierzchu cz\u0105stkami pomara\u0144czy. <\/p>\n","protected":false},"excerpt":{"rendered":"<p>50 dag serka mascarpone, p\u00f3\u0142 szklanki \u015bmietanki 30-proc., 10 dag gorzkiej czekolady, pomara\u0144cza, \u0142y\u017ceczka cukru waniliowego 1. Pomara\u0144cz\u0119 starannie umy\u0107, zetrze\u0107 sk\u00f3rk\u0119, owoc obra\u0107, podzieli\u0107 na cz\u0105stki i usun\u0105\u0107 b\u0142onki. 2. Czekolad\u0119 po\u0142ama\u0107 na drobne kawa\u0142ki, rozpu\u015bci\u0107 w kuchence mikrofalowej lub w ustawionym na parze naczyniu. Lekko ostudzi\u0107. 3. Sch\u0142odzon\u0105 \u015bmietank\u0119 ubi\u0107 z cukrem waniliowym [&hellip;]<\/p>\n","protected":false},"author":2,"featured_media":0,"comment_status":"open","ping_status":"open","sticky":false,"template":"","format":"standard","meta":{"footnotes":""},"categories":[1],"tags":[],"_links":{"self":[{"href":"https:\/\/blog.polityka.pl\/adamczewski\/wp-json\/wp\/v2\/posts\/10615"}],"collection":[{"href":"https:\/\/blog.polityka.pl\/adamczewski\/wp-json\/wp\/v2\/posts"}],"about":[{"href":"https:\/\/blog.polityka.pl\/adamczewski\/wp-json\/wp\/v2\/types\/post"}],"author":[{"embeddable":true,"href":"https:\/\/blog.polityka.pl\/adamczewski\/wp-json\/wp\/v2\/users\/2"}],"replies":[{"embeddable":true,"href":"https:\/\/blog.polityka.pl\/adamczewski\/wp-json\/wp\/v2\/comments?post=10615"}],"version-history":[{"count":0,"href":"https:\/\/blog.polityka.pl\/adamczewski\/wp-json\/wp\/v2\/posts\/10615\/revisions"}],"wp:attachment":[{"href":"https:\/\/blog.polityka.pl\/adamczewski\/wp-json\/wp\/v2\/media?parent=10615"}],"wp:term":[{"taxonomy":"category","embeddable":true,"href":"https:\/\/blog.polityka.pl\/adamczewski\/wp-json\/wp\/v2\/categories?post=10615"},{"taxonomy":"post_tag","embeddable":true,"href":"https:\/\/blog.polityka.pl\/adamczewski\/wp-json\/wp\/v2\/tags?post=10615"}],"curies":[{"name":"wp","href":"https:\/\/api.w.org\/{rel}","templated":true}]}}