
{"id":10617,"date":"2010-07-15T16:02:10","date_gmt":"2010-07-15T15:02:10","guid":{"rendered":"http:\/\/adamczewscy.pl\/?p=2920"},"modified":"2010-07-15T16:02:10","modified_gmt":"2010-07-15T15:02:10","slug":"steki-z-rostbefu-czosnkowym-sosem","status":"publish","type":"post","link":"https:\/\/blog.polityka.pl\/adamczewski\/2010\/07\/15\/steki-z-rostbefu-czosnkowym-sosem\/","title":{"rendered":"Steki z rostbefu czosnkowym sosem"},"content":{"rendered":"<p><em>4 steki z rostbefu wo\u0142owego,8 z\u0105bk\u00f3w czosnku, \u0142y\u017cka mas\u0142a klarowanego lub \u0142y\u017cka oliwy, s\u00f3l, pieprz, 2 \u0142y\u017cki mas\u0142a<\/em><\/p>\n<p>1. Mi\u0119so umy\u0107, osuszy\u0107  papierowym r\u0119cznikiem kuchennym, rozbi\u0107 lekko t\u0142uczkiem na owalne zgrabne p\u0142aty, posypa\u0107  sol\u0105  i pieprzem.<br \/>\n2. Na patelni rozgrza\u0107 klarowane mas\u0142o lub oliw\u0119 i usma\u017cy\u0107 steki z obu stron. Jednocze\u015bnie z mi\u0119sem  na patelni\u0119  wrzuci\u0107 nieobrane z\u0105bki czosnku .<br \/>\n3. Usma\u017cone z\u0105bki czosnku obra\u0107, przecisn\u0105\u0107 przez prask\u0119 i wymiesza\u0107 z mas\u0142em, kt\u00f3re powinno si\u0119 roztopi\u0107 w ciep\u0142ym czosnku tworz\u0105c sos ma\u015blano czosnkowy.<br \/>\n4. Sosem pola\u0107 steki.<\/p>\n","protected":false},"excerpt":{"rendered":"<p>4 steki z rostbefu wo\u0142owego,8 z\u0105bk\u00f3w czosnku, \u0142y\u017cka mas\u0142a klarowanego lub \u0142y\u017cka oliwy, s\u00f3l, pieprz, 2 \u0142y\u017cki mas\u0142a 1. Mi\u0119so umy\u0107, osuszy\u0107 papierowym r\u0119cznikiem kuchennym, rozbi\u0107 lekko t\u0142uczkiem na owalne zgrabne p\u0142aty, posypa\u0107 sol\u0105 i pieprzem. 2. Na patelni rozgrza\u0107 klarowane mas\u0142o lub oliw\u0119 i usma\u017cy\u0107 steki z obu stron. Jednocze\u015bnie z mi\u0119sem na patelni\u0119 [&hellip;]<\/p>\n","protected":false},"author":2,"featured_media":0,"comment_status":"open","ping_status":"open","sticky":false,"template":"","format":"standard","meta":{"footnotes":""},"categories":[1],"tags":[],"_links":{"self":[{"href":"https:\/\/blog.polityka.pl\/adamczewski\/wp-json\/wp\/v2\/posts\/10617"}],"collection":[{"href":"https:\/\/blog.polityka.pl\/adamczewski\/wp-json\/wp\/v2\/posts"}],"about":[{"href":"https:\/\/blog.polityka.pl\/adamczewski\/wp-json\/wp\/v2\/types\/post"}],"author":[{"embeddable":true,"href":"https:\/\/blog.polityka.pl\/adamczewski\/wp-json\/wp\/v2\/users\/2"}],"replies":[{"embeddable":true,"href":"https:\/\/blog.polityka.pl\/adamczewski\/wp-json\/wp\/v2\/comments?post=10617"}],"version-history":[{"count":0,"href":"https:\/\/blog.polityka.pl\/adamczewski\/wp-json\/wp\/v2\/posts\/10617\/revisions"}],"wp:attachment":[{"href":"https:\/\/blog.polityka.pl\/adamczewski\/wp-json\/wp\/v2\/media?parent=10617"}],"wp:term":[{"taxonomy":"category","embeddable":true,"href":"https:\/\/blog.polityka.pl\/adamczewski\/wp-json\/wp\/v2\/categories?post=10617"},{"taxonomy":"post_tag","embeddable":true,"href":"https:\/\/blog.polityka.pl\/adamczewski\/wp-json\/wp\/v2\/tags?post=10617"}],"curies":[{"name":"wp","href":"https:\/\/api.w.org\/{rel}","templated":true}]}}