
{"id":10618,"date":"2010-07-15T16:02:50","date_gmt":"2010-07-15T15:02:50","guid":{"rendered":"http:\/\/adamczewscy.pl\/?p=2921"},"modified":"2010-07-15T16:02:50","modified_gmt":"2010-07-15T15:02:50","slug":"zupa-z-kurek","status":"publish","type":"post","link":"https:\/\/blog.polityka.pl\/adamczewski\/2010\/07\/15\/zupa-z-kurek\/","title":{"rendered":"Zupa z kurek"},"content":{"rendered":"<p><em>6 szklanek roso\u0142u warzywnego z kostki, ok. 50 dag kurek, \u0142y\u017cka mas\u0142a, cytryna, p\u00f3\u0142 szklanki \u015bmietany i 2 \u0142y\u017cki bia\u0142ego wina (niekoniecznie), 2 \u0142y\u017cki siekanej zielonej pietruszki, \u0142y\u017ceczka (\u0142\u0105cznie) posiekanego \u015bwie\u017cego tymianku i rozmarynu, s\u00f3l, pieprz.<\/em><\/p>\n<p>1. Kurki oczy\u015bci\u0107, starannie umy\u0107, posieka\u0107, podsma\u017cy\u0107 na ma\u015ble. Podsma\u017cone grzyby doda\u0107 do  roso\u0142u warzywnego<br \/>\n2. Cytryn\u0119 pokroi\u0107w cienkie p\u00f3\u0142plasterki i doda\u0107 do zupy. Zagotowa\u0107. Kto nie lubi zbyt kwa\u015bnego smaku zupy  mo\u017ce pokroi\u0107 tylko po\u0142\u00f3wk\u0119 cytryny.<br \/>\n3. \u015amietan\u0119 wymiesza\u0107 z winem(je\u015bli chcemy u\u017cy\u0107),doda\u0107 zio\u0142a i wymiesza\u0107 z zup\u0105, doprawi\u0107 sol\u0105 i pieprzem .Doprowadzi\u0107 do wrzenia. Posypa\u0107  zup\u0119 zielona pietruszk\u0105.<br \/>\nZup\u0119 z kurek mo\u017cna podawa\u0107 z makaronem, kluskami lanymi lub z ry\u017cem ugotowanym na sypko. Mo\u017cna te\u017c poda\u0107 zup\u0119 bez \u017cadnych dodatk\u00f3w.<\/p>\n","protected":false},"excerpt":{"rendered":"<p>6 szklanek roso\u0142u warzywnego z kostki, ok. 50 dag kurek, \u0142y\u017cka mas\u0142a, cytryna, p\u00f3\u0142 szklanki \u015bmietany i 2 \u0142y\u017cki bia\u0142ego wina (niekoniecznie), 2 \u0142y\u017cki siekanej zielonej pietruszki, \u0142y\u017ceczka (\u0142\u0105cznie) posiekanego \u015bwie\u017cego tymianku i rozmarynu, s\u00f3l, pieprz. 1. Kurki oczy\u015bci\u0107, starannie umy\u0107, posieka\u0107, podsma\u017cy\u0107 na ma\u015ble. Podsma\u017cone grzyby doda\u0107 do roso\u0142u warzywnego 2. Cytryn\u0119 pokroi\u0107w cienkie [&hellip;]<\/p>\n","protected":false},"author":2,"featured_media":0,"comment_status":"open","ping_status":"open","sticky":false,"template":"","format":"standard","meta":{"footnotes":""},"categories":[1],"tags":[],"_links":{"self":[{"href":"https:\/\/blog.polityka.pl\/adamczewski\/wp-json\/wp\/v2\/posts\/10618"}],"collection":[{"href":"https:\/\/blog.polityka.pl\/adamczewski\/wp-json\/wp\/v2\/posts"}],"about":[{"href":"https:\/\/blog.polityka.pl\/adamczewski\/wp-json\/wp\/v2\/types\/post"}],"author":[{"embeddable":true,"href":"https:\/\/blog.polityka.pl\/adamczewski\/wp-json\/wp\/v2\/users\/2"}],"replies":[{"embeddable":true,"href":"https:\/\/blog.polityka.pl\/adamczewski\/wp-json\/wp\/v2\/comments?post=10618"}],"version-history":[{"count":0,"href":"https:\/\/blog.polityka.pl\/adamczewski\/wp-json\/wp\/v2\/posts\/10618\/revisions"}],"wp:attachment":[{"href":"https:\/\/blog.polityka.pl\/adamczewski\/wp-json\/wp\/v2\/media?parent=10618"}],"wp:term":[{"taxonomy":"category","embeddable":true,"href":"https:\/\/blog.polityka.pl\/adamczewski\/wp-json\/wp\/v2\/categories?post=10618"},{"taxonomy":"post_tag","embeddable":true,"href":"https:\/\/blog.polityka.pl\/adamczewski\/wp-json\/wp\/v2\/tags?post=10618"}],"curies":[{"name":"wp","href":"https:\/\/api.w.org\/{rel}","templated":true}]}}