
{"id":10619,"date":"2010-07-15T16:03:59","date_gmt":"2010-07-15T15:03:59","guid":{"rendered":"http:\/\/adamczewscy.pl\/?p=2922"},"modified":"2010-07-15T16:03:59","modified_gmt":"2010-07-15T15:03:59","slug":"losos-z-ziolowym-maslem","status":"publish","type":"post","link":"https:\/\/blog.polityka.pl\/adamczewski\/2010\/07\/15\/losos-z-ziolowym-maslem\/","title":{"rendered":"\u0141oso\u015b z zio\u0142owym mas\u0142em"},"content":{"rendered":"<p><em>60 dag fileta z \u0142ososia,3 \u0142y\u017cki ostrej musztardy, najlepiej  francuskiej z Dijon, 6 \u0142y\u017cek tartej bu\u0142ki, s\u00f3l, p\u00f3\u0142 szklanki oleju do sma\u017cenia<br \/>\nNa mas\u0142o zio\u0142owe: \u0107wier\u0107 kostki mi\u0119kkiego mas\u0142a, \u0142y\u017ceczka posiekanej natki pietruszki, \u0142y\u017ceczka drobno posiekanej kolendry lub  spora szczypta mielonych nasion, szczypta sproszkowanego imbiru, s\u00f3l, pieprz<\/em><\/p>\n<p>1. Ryb\u0119  podzieli\u0107  na 4 porcje, ka\u017cd\u0105 porcj\u0119 posmarowa\u0107 z obu stron  musztard\u0105, lekko posoli\u0107 i od\u0142o\u017cy\u0107  na p\u00f3\u0142 godziny.<br \/>\n2. Mi\u0119kkie mas\u0142o wymiesza\u0107 z pozosta\u0142ymi sk\u0142adnikami, uformowa\u0107 4 kosteczki, ka\u017cd\u0105 owin\u0105\u0107 w pergamin i w\u0142o\u017cy\u0107 do  zamra\u017calnika.<br \/>\n3. Kawa\u0142ki \u0142ososia obtoczy\u0107 w tartej bu\u0142ce i usma\u017cy\u0107 na rozgrzanym oleju z obu stron na rumiano.<br \/>\nNa ka\u017cdej porcji po\u0142o\u017cy\u0107 kawa\u0142ek mas\u0142a zio\u0142owego.<\/p>\n","protected":false},"excerpt":{"rendered":"<p>60 dag fileta z \u0142ososia,3 \u0142y\u017cki ostrej musztardy, najlepiej francuskiej z Dijon, 6 \u0142y\u017cek tartej bu\u0142ki, s\u00f3l, p\u00f3\u0142 szklanki oleju do sma\u017cenia Na mas\u0142o zio\u0142owe: \u0107wier\u0107 kostki mi\u0119kkiego mas\u0142a, \u0142y\u017ceczka posiekanej natki pietruszki, \u0142y\u017ceczka drobno posiekanej kolendry lub spora szczypta mielonych nasion, szczypta sproszkowanego imbiru, s\u00f3l, pieprz 1. Ryb\u0119 podzieli\u0107 na 4 porcje, ka\u017cd\u0105 porcj\u0119 [&hellip;]<\/p>\n","protected":false},"author":2,"featured_media":0,"comment_status":"open","ping_status":"open","sticky":false,"template":"","format":"standard","meta":{"footnotes":""},"categories":[1],"tags":[],"_links":{"self":[{"href":"https:\/\/blog.polityka.pl\/adamczewski\/wp-json\/wp\/v2\/posts\/10619"}],"collection":[{"href":"https:\/\/blog.polityka.pl\/adamczewski\/wp-json\/wp\/v2\/posts"}],"about":[{"href":"https:\/\/blog.polityka.pl\/adamczewski\/wp-json\/wp\/v2\/types\/post"}],"author":[{"embeddable":true,"href":"https:\/\/blog.polityka.pl\/adamczewski\/wp-json\/wp\/v2\/users\/2"}],"replies":[{"embeddable":true,"href":"https:\/\/blog.polityka.pl\/adamczewski\/wp-json\/wp\/v2\/comments?post=10619"}],"version-history":[{"count":0,"href":"https:\/\/blog.polityka.pl\/adamczewski\/wp-json\/wp\/v2\/posts\/10619\/revisions"}],"wp:attachment":[{"href":"https:\/\/blog.polityka.pl\/adamczewski\/wp-json\/wp\/v2\/media?parent=10619"}],"wp:term":[{"taxonomy":"category","embeddable":true,"href":"https:\/\/blog.polityka.pl\/adamczewski\/wp-json\/wp\/v2\/categories?post=10619"},{"taxonomy":"post_tag","embeddable":true,"href":"https:\/\/blog.polityka.pl\/adamczewski\/wp-json\/wp\/v2\/tags?post=10619"}],"curies":[{"name":"wp","href":"https:\/\/api.w.org\/{rel}","templated":true}]}}