
{"id":10620,"date":"2010-07-23T06:59:07","date_gmt":"2010-07-23T05:59:07","guid":{"rendered":"http:\/\/adamczewscy.pl\/?p=2924"},"modified":"2010-07-23T06:59:07","modified_gmt":"2010-07-23T05:59:07","slug":"biszkoptowa-rolada","status":"publish","type":"post","link":"https:\/\/blog.polityka.pl\/adamczewski\/2010\/07\/23\/biszkoptowa-rolada\/","title":{"rendered":"Biszkoptowa rolada"},"content":{"rendered":"<p><em>5 jaj, 5 \u0142y\u017cek cukru, 6 \u0142y\u017cek m\u0105ki, 5 du\u017cych jab\u0142ek<\/em><\/p>\n<p>1. Jab\u0142ka obra\u0107, pokroi\u0107 w kostk\u0119 jak na jarzynow\u0105 sa\u0142atk\u0119.<br \/>\n2. Bia\u0142ka ubi\u0107 na sztywn\u0105 pian\u0119, pod koniec dodawa\u0107 po trochu cukier, stale ubijaj\u0105c.<br \/>\n3. Kiedy piana jest dostatecznie sztywna wymiesza\u0107 j\u0105 z m\u0105k\u0105 i \u017c\u00f3\u0142tkami. Nale\u017cy robi\u0107 to dok\u0142adnie ale i ostro\u017cnie.<br \/>\n4. Na blaszce wielko\u015bci ca\u0142ego piekarnika roz\u0142o\u017cy\u0107 arkusz papieru do wypiek\u00f3w, na nim warstw\u0119 jab\u0142ek. Ciasto wy\u0142o\u017cy\u0107 na jab\u0142ka rozk\u0142adaj\u0105c je mo\u017cliwie r\u00f3wn\u0105 warstwa.<br \/>\n5. W nagrzanym do 180 st C piekarniku piec ciasto oko\u0142o 30 minut. Powinno by\u0107 r\u00f3wnomiernie z\u0142ociste.<br \/>\n6. Wyj\u0119te z piekarnika ciasto wy\u0142o\u017cy\u0107 na roz\u0142o\u017cona \u015bciereczk\u0119 w ten spos\u00f3b, aby warstwa jab\u0142ek znalaz\u0142a si\u0119 na wierzchu. ) .<br \/>\n7. Zwin\u0105\u0107 ostro\u017cnie rolad\u0119 i odstawi\u0107 do ostygni\u0119cia. Posypa\u0107 obficie cukrem pudrem.<br \/>\nUwaga, kroi\u0107 dopiero po zupe\u0142nym ostygni\u0119ciu<\/p>\n","protected":false},"excerpt":{"rendered":"<p>5 jaj, 5 \u0142y\u017cek cukru, 6 \u0142y\u017cek m\u0105ki, 5 du\u017cych jab\u0142ek 1. Jab\u0142ka obra\u0107, pokroi\u0107 w kostk\u0119 jak na jarzynow\u0105 sa\u0142atk\u0119. 2. Bia\u0142ka ubi\u0107 na sztywn\u0105 pian\u0119, pod koniec dodawa\u0107 po trochu cukier, stale ubijaj\u0105c. 3. Kiedy piana jest dostatecznie sztywna wymiesza\u0107 j\u0105 z m\u0105k\u0105 i \u017c\u00f3\u0142tkami. Nale\u017cy robi\u0107 to dok\u0142adnie ale i ostro\u017cnie. 4. [&hellip;]<\/p>\n","protected":false},"author":2,"featured_media":0,"comment_status":"open","ping_status":"open","sticky":false,"template":"","format":"standard","meta":{"footnotes":""},"categories":[1],"tags":[],"_links":{"self":[{"href":"https:\/\/blog.polityka.pl\/adamczewski\/wp-json\/wp\/v2\/posts\/10620"}],"collection":[{"href":"https:\/\/blog.polityka.pl\/adamczewski\/wp-json\/wp\/v2\/posts"}],"about":[{"href":"https:\/\/blog.polityka.pl\/adamczewski\/wp-json\/wp\/v2\/types\/post"}],"author":[{"embeddable":true,"href":"https:\/\/blog.polityka.pl\/adamczewski\/wp-json\/wp\/v2\/users\/2"}],"replies":[{"embeddable":true,"href":"https:\/\/blog.polityka.pl\/adamczewski\/wp-json\/wp\/v2\/comments?post=10620"}],"version-history":[{"count":0,"href":"https:\/\/blog.polityka.pl\/adamczewski\/wp-json\/wp\/v2\/posts\/10620\/revisions"}],"wp:attachment":[{"href":"https:\/\/blog.polityka.pl\/adamczewski\/wp-json\/wp\/v2\/media?parent=10620"}],"wp:term":[{"taxonomy":"category","embeddable":true,"href":"https:\/\/blog.polityka.pl\/adamczewski\/wp-json\/wp\/v2\/categories?post=10620"},{"taxonomy":"post_tag","embeddable":true,"href":"https:\/\/blog.polityka.pl\/adamczewski\/wp-json\/wp\/v2\/tags?post=10620"}],"curies":[{"name":"wp","href":"https:\/\/api.w.org\/{rel}","templated":true}]}}