
{"id":10621,"date":"2010-07-23T07:00:23","date_gmt":"2010-07-23T06:00:23","guid":{"rendered":"http:\/\/adamczewscy.pl\/?p=2925"},"modified":"2010-07-23T07:00:23","modified_gmt":"2010-07-23T06:00:23","slug":"zupa-z-kapusty-pekinskiej","status":"publish","type":"post","link":"https:\/\/blog.polityka.pl\/adamczewski\/2010\/07\/23\/zupa-z-kapusty-pekinskiej\/","title":{"rendered":"Zupa z kapusty peki\u0144skiej"},"content":{"rendered":"<p><em>\u015arednia kapusta peki\u0144ska, 4 szklanki roso\u0142u warzywnego z kostki, niedu\u017ca czerwona papryka, marchew, 4 \u015brednie ziemniaki,  2 \u0142y\u017cki oliwy z oliwek, p\u00f3\u0142 \u0142y\u017ceczki posiekanego \u015bwie\u017cego tymianku, spora szczypta mielonej czerwonej papryki, \u0142y\u017ceczka koncentratu pomidorowego do smaku, li\u015b\u0107 laurowy, 2 ziarna ziela angielskiego, s\u00f3l, pieprz, sok z cytryny do smaku, 2 \u0142y\u017cki siekanej zielonej pietruszki. <\/em><\/p>\n<p>1. Kapust\u0119 peki\u0144ska poszatkowa\u0107, marchew pokroi\u0107 w plasterki, ziemniaki w kostk\u0119, papryk\u0119 w paseczki.<br \/>\n2. Rozgrza\u0107 w garnku oliw\u0119 i podsma\u017cy\u0107 na niej warzywa.<br \/>\n3. Do podsma\u017conych warzyw doda\u0107 li\u015b\u0107 laurowy, ziele angielskie i ros\u00f3\u0142 warzywny. Gotowa\u0107 do momentu, kiedy warzywa zmi\u0119kn\u0105. Doda\u0107 tymianek, papryk\u0119 i koncentrat, doprawi\u0107 sokiem cytrynowym, sol\u0105 i pieprzem.<br \/>\n4. Gotow\u0105 zup\u0119 posypa\u0107 obficie zielona pietruszk\u0105. <\/p>\n","protected":false},"excerpt":{"rendered":"<p>\u015arednia kapusta peki\u0144ska, 4 szklanki roso\u0142u warzywnego z kostki, niedu\u017ca czerwona papryka, marchew, 4 \u015brednie ziemniaki, 2 \u0142y\u017cki oliwy z oliwek, p\u00f3\u0142 \u0142y\u017ceczki posiekanego \u015bwie\u017cego tymianku, spora szczypta mielonej czerwonej papryki, \u0142y\u017ceczka koncentratu pomidorowego do smaku, li\u015b\u0107 laurowy, 2 ziarna ziela angielskiego, s\u00f3l, pieprz, sok z cytryny do smaku, 2 \u0142y\u017cki siekanej zielonej pietruszki. 1. [&hellip;]<\/p>\n","protected":false},"author":2,"featured_media":0,"comment_status":"open","ping_status":"open","sticky":false,"template":"","format":"standard","meta":{"footnotes":""},"categories":[1],"tags":[],"_links":{"self":[{"href":"https:\/\/blog.polityka.pl\/adamczewski\/wp-json\/wp\/v2\/posts\/10621"}],"collection":[{"href":"https:\/\/blog.polityka.pl\/adamczewski\/wp-json\/wp\/v2\/posts"}],"about":[{"href":"https:\/\/blog.polityka.pl\/adamczewski\/wp-json\/wp\/v2\/types\/post"}],"author":[{"embeddable":true,"href":"https:\/\/blog.polityka.pl\/adamczewski\/wp-json\/wp\/v2\/users\/2"}],"replies":[{"embeddable":true,"href":"https:\/\/blog.polityka.pl\/adamczewski\/wp-json\/wp\/v2\/comments?post=10621"}],"version-history":[{"count":0,"href":"https:\/\/blog.polityka.pl\/adamczewski\/wp-json\/wp\/v2\/posts\/10621\/revisions"}],"wp:attachment":[{"href":"https:\/\/blog.polityka.pl\/adamczewski\/wp-json\/wp\/v2\/media?parent=10621"}],"wp:term":[{"taxonomy":"category","embeddable":true,"href":"https:\/\/blog.polityka.pl\/adamczewski\/wp-json\/wp\/v2\/categories?post=10621"},{"taxonomy":"post_tag","embeddable":true,"href":"https:\/\/blog.polityka.pl\/adamczewski\/wp-json\/wp\/v2\/tags?post=10621"}],"curies":[{"name":"wp","href":"https:\/\/api.w.org\/{rel}","templated":true}]}}