
{"id":10622,"date":"2010-07-23T07:00:50","date_gmt":"2010-07-23T06:00:50","guid":{"rendered":"http:\/\/adamczewscy.pl\/?p=2926"},"modified":"2010-07-23T07:00:50","modified_gmt":"2010-07-23T06:00:50","slug":"knedle-po-czesku","status":"publish","type":"post","link":"https:\/\/blog.polityka.pl\/adamczewski\/2010\/07\/23\/knedle-po-czesku\/","title":{"rendered":"Knedle po czesku"},"content":{"rendered":"<p><em>2 ? 3 czerstwe kajzerki, 2 szklanki m\u0105ki, ok. 1 dag \u015bwie\u017cych dro\u017cd\u017cy,  \u0142y\u017ceczka cukru, szklanka pokrojonego na skwarki t\u0142ustego w\u0119dzonego boczku, szklanka mleka, jajko, s\u00f3l. <\/em><\/p>\n<p>1. Bu\u0142ki pokroi\u0107 kostk\u0119.<br \/>\n2. Pokrojony boczek stopi\u0107 na  patelni, wyj\u0105\u0107 skwarki a na t\u0142uszczu podsma\u017cy\u0107 na ciemnoz\u0142oto pokrojon\u0105 bu\u0142k\u0119.<br \/>\n3. Wymiesza\u0107 mleko z dro\u017cd\u017cami i \u0142y\u017ck\u0105 m\u0105ki oraz cukru, odstawi\u0107 do wyro\u015bni\u0119cia.<br \/>\n4. Wyro\u015bni\u0119te dro\u017cd\u017ce po\u0142\u0105czy\u0107 z pozosta\u0142\u0105 m\u0105k\u0105, doda\u0107 usma\u017cone skwarki i grzanki oraz jajko. Wymiesza\u0107. Odstawi\u0107 ciasto do wyro\u015bni\u0119cia<br \/>\n5. Formowa\u0107 knedle wielko\u015bci du\u017cego w\u0142oskiego orzecha, po\u0142o\u017cy\u0107 na wysypanej m\u0105k\u0105 \u015bciereczce do wyro\u015bni\u0119cia.<br \/>\n 6. Zagotowa\u0107 w du\u017cym garnku 4 litry lekko osolonej wody; wrzuca\u0107 knedle i gotowa\u0107 oko\u0142o 15 minut.<br \/>\nUwaga! nie wrzuca\u0107 zbyt wiele knedli na raz, aby nie przerywa\u0107 wrzenia wody. <\/p>\n<p>Knedle doskonale smakuj\u0105 z dodatkiem keczupy lub innego zimnego czy ciep\u0142ego sosu pomidorowego. <\/p>\n","protected":false},"excerpt":{"rendered":"<p>2 ? 3 czerstwe kajzerki, 2 szklanki m\u0105ki, ok. 1 dag \u015bwie\u017cych dro\u017cd\u017cy, \u0142y\u017ceczka cukru, szklanka pokrojonego na skwarki t\u0142ustego w\u0119dzonego boczku, szklanka mleka, jajko, s\u00f3l. 1. Bu\u0142ki pokroi\u0107 kostk\u0119. 2. Pokrojony boczek stopi\u0107 na patelni, wyj\u0105\u0107 skwarki a na t\u0142uszczu podsma\u017cy\u0107 na ciemnoz\u0142oto pokrojon\u0105 bu\u0142k\u0119. 3. Wymiesza\u0107 mleko z dro\u017cd\u017cami i \u0142y\u017ck\u0105 m\u0105ki oraz [&hellip;]<\/p>\n","protected":false},"author":2,"featured_media":0,"comment_status":"open","ping_status":"open","sticky":false,"template":"","format":"standard","meta":{"footnotes":""},"categories":[1],"tags":[],"_links":{"self":[{"href":"https:\/\/blog.polityka.pl\/adamczewski\/wp-json\/wp\/v2\/posts\/10622"}],"collection":[{"href":"https:\/\/blog.polityka.pl\/adamczewski\/wp-json\/wp\/v2\/posts"}],"about":[{"href":"https:\/\/blog.polityka.pl\/adamczewski\/wp-json\/wp\/v2\/types\/post"}],"author":[{"embeddable":true,"href":"https:\/\/blog.polityka.pl\/adamczewski\/wp-json\/wp\/v2\/users\/2"}],"replies":[{"embeddable":true,"href":"https:\/\/blog.polityka.pl\/adamczewski\/wp-json\/wp\/v2\/comments?post=10622"}],"version-history":[{"count":0,"href":"https:\/\/blog.polityka.pl\/adamczewski\/wp-json\/wp\/v2\/posts\/10622\/revisions"}],"wp:attachment":[{"href":"https:\/\/blog.polityka.pl\/adamczewski\/wp-json\/wp\/v2\/media?parent=10622"}],"wp:term":[{"taxonomy":"category","embeddable":true,"href":"https:\/\/blog.polityka.pl\/adamczewski\/wp-json\/wp\/v2\/categories?post=10622"},{"taxonomy":"post_tag","embeddable":true,"href":"https:\/\/blog.polityka.pl\/adamczewski\/wp-json\/wp\/v2\/tags?post=10622"}],"curies":[{"name":"wp","href":"https:\/\/api.w.org\/{rel}","templated":true}]}}