
{"id":10624,"date":"2010-07-30T06:10:37","date_gmt":"2010-07-30T05:10:37","guid":{"rendered":"http:\/\/adamczewscy.pl\/?p=2929"},"modified":"2010-07-30T06:10:37","modified_gmt":"2010-07-30T05:10:37","slug":"zupa-ogorkowa-z-nuta-pomidorowa","status":"publish","type":"post","link":"https:\/\/blog.polityka.pl\/adamczewski\/2010\/07\/30\/zupa-ogorkowa-z-nuta-pomidorowa\/","title":{"rendered":"Zupa og\u00f3rkowa z nut\u0105 pomidorow\u0105"},"content":{"rendered":"<p><em>2 og\u00f3rki w\u0119\u017ce, 4 szklanki bulionu ciel\u0119cego z kostki, 3 \u0142y\u017cki koncentratu pomidorowego, \u0142y\u017cka mas\u0142a, 2 kopiaste \u0142y\u017cki siekanego koperku, \u0142y\u017cka posiekanej zielonej pietruszki, p\u00f3l szklanki mleka, s\u00f3l, pieprz<\/em><\/p>\n<p>1. Og\u00f3rki obra\u0107 ze sk\u00f3rki, pokroi\u0107 w paseczki. Poddusi\u0107 na rozgrzanym ma\u015ble, tak, aby sta\u0142y si\u0119 szkliste.<br \/>\n2. Do og\u00f3rk\u00f3w doda\u0107 koncentrat pomidorowy razem z bulionem ciel\u0119cym, doprawi\u0107 sol\u0105, pieprzem i zagotowa\u0107.<br \/>\n3. Do zupy wsypa\u0107 koperek i pietruszk\u0119.<br \/>\nPodawa\u0107 z przygotowanymi z bu\u0142ki grzankami lub z chleba tostowego. <\/p>\n","protected":false},"excerpt":{"rendered":"<p>2 og\u00f3rki w\u0119\u017ce, 4 szklanki bulionu ciel\u0119cego z kostki, 3 \u0142y\u017cki koncentratu pomidorowego, \u0142y\u017cka mas\u0142a, 2 kopiaste \u0142y\u017cki siekanego koperku, \u0142y\u017cka posiekanej zielonej pietruszki, p\u00f3l szklanki mleka, s\u00f3l, pieprz 1. Og\u00f3rki obra\u0107 ze sk\u00f3rki, pokroi\u0107 w paseczki. Poddusi\u0107 na rozgrzanym ma\u015ble, tak, aby sta\u0142y si\u0119 szkliste. 2. Do og\u00f3rk\u00f3w doda\u0107 koncentrat pomidorowy razem z bulionem [&hellip;]<\/p>\n","protected":false},"author":2,"featured_media":0,"comment_status":"open","ping_status":"open","sticky":false,"template":"","format":"standard","meta":{"footnotes":""},"categories":[1],"tags":[],"_links":{"self":[{"href":"https:\/\/blog.polityka.pl\/adamczewski\/wp-json\/wp\/v2\/posts\/10624"}],"collection":[{"href":"https:\/\/blog.polityka.pl\/adamczewski\/wp-json\/wp\/v2\/posts"}],"about":[{"href":"https:\/\/blog.polityka.pl\/adamczewski\/wp-json\/wp\/v2\/types\/post"}],"author":[{"embeddable":true,"href":"https:\/\/blog.polityka.pl\/adamczewski\/wp-json\/wp\/v2\/users\/2"}],"replies":[{"embeddable":true,"href":"https:\/\/blog.polityka.pl\/adamczewski\/wp-json\/wp\/v2\/comments?post=10624"}],"version-history":[{"count":0,"href":"https:\/\/blog.polityka.pl\/adamczewski\/wp-json\/wp\/v2\/posts\/10624\/revisions"}],"wp:attachment":[{"href":"https:\/\/blog.polityka.pl\/adamczewski\/wp-json\/wp\/v2\/media?parent=10624"}],"wp:term":[{"taxonomy":"category","embeddable":true,"href":"https:\/\/blog.polityka.pl\/adamczewski\/wp-json\/wp\/v2\/categories?post=10624"},{"taxonomy":"post_tag","embeddable":true,"href":"https:\/\/blog.polityka.pl\/adamczewski\/wp-json\/wp\/v2\/tags?post=10624"}],"curies":[{"name":"wp","href":"https:\/\/api.w.org\/{rel}","templated":true}]}}