
{"id":10625,"date":"2010-07-30T06:11:09","date_gmt":"2010-07-30T05:11:09","guid":{"rendered":"http:\/\/adamczewscy.pl\/?p=2930"},"modified":"2010-07-30T06:11:09","modified_gmt":"2010-07-30T05:11:09","slug":"spaghetti-trzy-sery","status":"publish","type":"post","link":"https:\/\/blog.polityka.pl\/adamczewski\/2010\/07\/30\/spaghetti-trzy-sery\/","title":{"rendered":"Spaghetti ?trzy sery?"},"content":{"rendered":"<p><em>P\u00f3\u0142 lub nieco wi\u0119cej, w zale\u017cno\u015bci od apetytu, opakowania spaghetti, 25 dag sera \u015bmietanowego, 15 dag cheddara, 10 dag sera lazur lub rokpol, 3\/4 szklanki s\u0142odkiej \u015bmietanki 30-proc., s\u00f3l, \u015bwie\u017co zmielony bia\u0142y pieprz, 2-3 jajka<\/em><\/p>\n<p>1. Sery pokroi\u0107 w kostk\u0119, wraz ze \u015bmietanka gotowa\u0107 w wi\u0119kszym garnku mieszaj\u0105c, a\u017c sery si\u0119 rozpuszcz\u0105.<br \/>\n2. Odstawi\u0107 sos z ognia, lekko przestudzi\u0107 po czym doda\u0107 po kolei energicznie mieszaj\u0105c jajka.<br \/>\n3. Spaghetti ugotowa\u0107 al dente, odcedzi\u0107, doda\u0107 do sosu serowego, wymiesza\u0107 przy pomocy dw\u00f3ch widelc\u00f3w.<br \/>\nMakaron tak przyrz\u0105dzony mo\u017cna wstawi\u0107 w naczyniu do zapiekania na 15 minut do nagrzanego piekarnika. <\/p>\n","protected":false},"excerpt":{"rendered":"<p>P\u00f3\u0142 lub nieco wi\u0119cej, w zale\u017cno\u015bci od apetytu, opakowania spaghetti, 25 dag sera \u015bmietanowego, 15 dag cheddara, 10 dag sera lazur lub rokpol, 3\/4 szklanki s\u0142odkiej \u015bmietanki 30-proc., s\u00f3l, \u015bwie\u017co zmielony bia\u0142y pieprz, 2-3 jajka 1. Sery pokroi\u0107 w kostk\u0119, wraz ze \u015bmietanka gotowa\u0107 w wi\u0119kszym garnku mieszaj\u0105c, a\u017c sery si\u0119 rozpuszcz\u0105. 2. Odstawi\u0107 sos [&hellip;]<\/p>\n","protected":false},"author":2,"featured_media":0,"comment_status":"open","ping_status":"open","sticky":false,"template":"","format":"standard","meta":{"footnotes":""},"categories":[1],"tags":[],"_links":{"self":[{"href":"https:\/\/blog.polityka.pl\/adamczewski\/wp-json\/wp\/v2\/posts\/10625"}],"collection":[{"href":"https:\/\/blog.polityka.pl\/adamczewski\/wp-json\/wp\/v2\/posts"}],"about":[{"href":"https:\/\/blog.polityka.pl\/adamczewski\/wp-json\/wp\/v2\/types\/post"}],"author":[{"embeddable":true,"href":"https:\/\/blog.polityka.pl\/adamczewski\/wp-json\/wp\/v2\/users\/2"}],"replies":[{"embeddable":true,"href":"https:\/\/blog.polityka.pl\/adamczewski\/wp-json\/wp\/v2\/comments?post=10625"}],"version-history":[{"count":0,"href":"https:\/\/blog.polityka.pl\/adamczewski\/wp-json\/wp\/v2\/posts\/10625\/revisions"}],"wp:attachment":[{"href":"https:\/\/blog.polityka.pl\/adamczewski\/wp-json\/wp\/v2\/media?parent=10625"}],"wp:term":[{"taxonomy":"category","embeddable":true,"href":"https:\/\/blog.polityka.pl\/adamczewski\/wp-json\/wp\/v2\/categories?post=10625"},{"taxonomy":"post_tag","embeddable":true,"href":"https:\/\/blog.polityka.pl\/adamczewski\/wp-json\/wp\/v2\/tags?post=10625"}],"curies":[{"name":"wp","href":"https:\/\/api.w.org\/{rel}","templated":true}]}}