
{"id":10626,"date":"2010-07-30T06:11:36","date_gmt":"2010-07-30T05:11:36","guid":{"rendered":"http:\/\/adamczewscy.pl\/?p=2931"},"modified":"2010-07-30T06:11:36","modified_gmt":"2010-07-30T05:11:36","slug":"zupa-z-czerwonej-kapusty","status":"publish","type":"post","link":"https:\/\/blog.polityka.pl\/adamczewski\/2010\/07\/30\/zupa-z-czerwonej-kapusty\/","title":{"rendered":"Zupa z czerwonej kapusty"},"content":{"rendered":"<p><em>Ma\u0142a g\u0142\u00f3wka czerwonej kapusty, ok. 30 dag wo\u0142owiny roso\u0142owej, 2 z\u0105bki czosnku, mas\u0142o, niedu\u017cy li\u015b\u0107 laurowy, pieprz i cukier do smaku, 6 \u015brednich ziemniak\u00f3w, 2 kwa\u015bne jab\u0142ka &#8211; je\u015bli jab\u0142ka nie s\u0105 zbyt kwa\u015bne warto doprawi\u0107 zup\u0119 odrobin\u0105 soku cytrynowego.<\/em> <\/p>\n<p>1. Mi\u0119so pokroi\u0107 w kostk\u0119 wielko\u015bci po\u0142owy pude\u0142ka zapa\u0142ek, kapust\u0119 poszatkowa\u0107 odrzucaj\u0105c grube nerwy li\u015bciowe.<br \/>\n2. W garnku rozgrza\u0107 mas\u0142o i podsma\u017cy\u0107 na nim najpierw mi\u0119so a nast\u0119pnie doda\u0107 kapust\u0119 i chwil\u0119 tak\u017ce podsma\u017ca\u0107. Doda\u0107 przeci\u015bni\u0119ty przez prask\u0119 czosnek i pokruszony li\u015b\u0107 laurowy, dola\u0107 5 szklanek gor\u0105cej wody i gotowa\u0107 ponad godzin\u0119.<br \/>\n3. Obra\u0107 ziemniaki i pokroi\u0107 w kostk\u0119, obrane jab\u0142ka pokroi\u0107 w \u0107wiartki i wszystko razem doda\u0107 do zupy. Gotowa\u0107 jeszcze oko\u0142o p\u00f3\u0142 godziny. Doprawi\u0107 do smaku sol\u0105, cukrem i sokiem cytrynowym. <\/p>\n","protected":false},"excerpt":{"rendered":"<p>Ma\u0142a g\u0142\u00f3wka czerwonej kapusty, ok. 30 dag wo\u0142owiny roso\u0142owej, 2 z\u0105bki czosnku, mas\u0142o, niedu\u017cy li\u015b\u0107 laurowy, pieprz i cukier do smaku, 6 \u015brednich ziemniak\u00f3w, 2 kwa\u015bne jab\u0142ka &#8211; je\u015bli jab\u0142ka nie s\u0105 zbyt kwa\u015bne warto doprawi\u0107 zup\u0119 odrobin\u0105 soku cytrynowego. 1. Mi\u0119so pokroi\u0107 w kostk\u0119 wielko\u015bci po\u0142owy pude\u0142ka zapa\u0142ek, kapust\u0119 poszatkowa\u0107 odrzucaj\u0105c grube nerwy li\u015bciowe. [&hellip;]<\/p>\n","protected":false},"author":2,"featured_media":0,"comment_status":"open","ping_status":"open","sticky":false,"template":"","format":"standard","meta":{"footnotes":""},"categories":[1],"tags":[],"_links":{"self":[{"href":"https:\/\/blog.polityka.pl\/adamczewski\/wp-json\/wp\/v2\/posts\/10626"}],"collection":[{"href":"https:\/\/blog.polityka.pl\/adamczewski\/wp-json\/wp\/v2\/posts"}],"about":[{"href":"https:\/\/blog.polityka.pl\/adamczewski\/wp-json\/wp\/v2\/types\/post"}],"author":[{"embeddable":true,"href":"https:\/\/blog.polityka.pl\/adamczewski\/wp-json\/wp\/v2\/users\/2"}],"replies":[{"embeddable":true,"href":"https:\/\/blog.polityka.pl\/adamczewski\/wp-json\/wp\/v2\/comments?post=10626"}],"version-history":[{"count":0,"href":"https:\/\/blog.polityka.pl\/adamczewski\/wp-json\/wp\/v2\/posts\/10626\/revisions"}],"wp:attachment":[{"href":"https:\/\/blog.polityka.pl\/adamczewski\/wp-json\/wp\/v2\/media?parent=10626"}],"wp:term":[{"taxonomy":"category","embeddable":true,"href":"https:\/\/blog.polityka.pl\/adamczewski\/wp-json\/wp\/v2\/categories?post=10626"},{"taxonomy":"post_tag","embeddable":true,"href":"https:\/\/blog.polityka.pl\/adamczewski\/wp-json\/wp\/v2\/tags?post=10626"}],"curies":[{"name":"wp","href":"https:\/\/api.w.org\/{rel}","templated":true}]}}