
{"id":10627,"date":"2010-07-30T06:12:11","date_gmt":"2010-07-30T05:12:11","guid":{"rendered":"http:\/\/adamczewscy.pl\/?p=2932"},"modified":"2010-07-30T06:12:11","modified_gmt":"2010-07-30T05:12:11","slug":"bitki-w-sosie-cukiniowym","status":"publish","type":"post","link":"https:\/\/blog.polityka.pl\/adamczewski\/2010\/07\/30\/bitki-w-sosie-cukiniowym\/","title":{"rendered":"Bitki w sosie cukiniowym"},"content":{"rendered":"<p>Ok. 40 dag wo\u0142owej lub wieprzowej pol\u0119dwicy, 2 dymki, \u015brednia cukinia, szklanka roso\u0142u warzywnego z kostki, \u0142y\u017ceczka suszonych <em>zi\u00f3\u0142 prowansalskich, li\u015b\u0107 laurowy, 3 \u0142y\u017cki jogurtu naturalnego, 2 \u0142y\u017cki m\u0105ki, s\u00f3l, pieprz, 2 \u0142y\u017cki oliwy z oliwek. <\/em><\/p>\n<p>1. Mi\u0119so pokroi\u0107 w cienkie plasterki, lekko rozbi\u0107 t\u0142uczkiem, aby uformowa\u0107 owalne bitki, posypa\u0107 sol\u0105 i pieprzem oraz z obu stron m\u0105k\u0105. Obsma\u017cy\u0107 na oliwie.<br \/>\n2. Cukini\u0119 obra\u0107 i pokroi\u0107 w plasterki, dymki posieka\u0107, w\u0142o\u017cy\u0107 do garnka, wla\u0107 po\u0142ow\u0119 roso\u0142u warzywnego, doda\u0107 bitki oraz zio\u0142a i li\u015b\u0107 laurowy. Dusi\u0107 dolewaj\u0105c po trochu ros\u00f3\u0142 do momentu, a\u017c cukinia rozgotuje si\u0119.<br \/>\n3. Sos doprawi\u0107 jogurtem.<br \/>\nPodawa\u0107 potraw\u0119 z kasza gryczan\u0105 ugotowana na sypko. <\/p>\n","protected":false},"excerpt":{"rendered":"<p>Ok. 40 dag wo\u0142owej lub wieprzowej pol\u0119dwicy, 2 dymki, \u015brednia cukinia, szklanka roso\u0142u warzywnego z kostki, \u0142y\u017ceczka suszonych zi\u00f3\u0142 prowansalskich, li\u015b\u0107 laurowy, 3 \u0142y\u017cki jogurtu naturalnego, 2 \u0142y\u017cki m\u0105ki, s\u00f3l, pieprz, 2 \u0142y\u017cki oliwy z oliwek. 1. Mi\u0119so pokroi\u0107 w cienkie plasterki, lekko rozbi\u0107 t\u0142uczkiem, aby uformowa\u0107 owalne bitki, posypa\u0107 sol\u0105 i pieprzem oraz z [&hellip;]<\/p>\n","protected":false},"author":2,"featured_media":0,"comment_status":"open","ping_status":"open","sticky":false,"template":"","format":"standard","meta":{"footnotes":""},"categories":[1],"tags":[],"_links":{"self":[{"href":"https:\/\/blog.polityka.pl\/adamczewski\/wp-json\/wp\/v2\/posts\/10627"}],"collection":[{"href":"https:\/\/blog.polityka.pl\/adamczewski\/wp-json\/wp\/v2\/posts"}],"about":[{"href":"https:\/\/blog.polityka.pl\/adamczewski\/wp-json\/wp\/v2\/types\/post"}],"author":[{"embeddable":true,"href":"https:\/\/blog.polityka.pl\/adamczewski\/wp-json\/wp\/v2\/users\/2"}],"replies":[{"embeddable":true,"href":"https:\/\/blog.polityka.pl\/adamczewski\/wp-json\/wp\/v2\/comments?post=10627"}],"version-history":[{"count":0,"href":"https:\/\/blog.polityka.pl\/adamczewski\/wp-json\/wp\/v2\/posts\/10627\/revisions"}],"wp:attachment":[{"href":"https:\/\/blog.polityka.pl\/adamczewski\/wp-json\/wp\/v2\/media?parent=10627"}],"wp:term":[{"taxonomy":"category","embeddable":true,"href":"https:\/\/blog.polityka.pl\/adamczewski\/wp-json\/wp\/v2\/categories?post=10627"},{"taxonomy":"post_tag","embeddable":true,"href":"https:\/\/blog.polityka.pl\/adamczewski\/wp-json\/wp\/v2\/tags?post=10627"}],"curies":[{"name":"wp","href":"https:\/\/api.w.org\/{rel}","templated":true}]}}